{"id":179314,"date":"2020-07-17T13:28:25","date_gmt":"2020-07-17T16:28:25","guid":{"rendered":"https:\/\/www.caririemacao.com\/1\/?p=179314"},"modified":"2020-07-17T13:28:25","modified_gmt":"2020-07-17T16:28:25","slug":"mourao-defende-nova-cpmf-para-financiar-renda-brasil","status":"publish","type":"post","link":"https:\/\/www.caririemacao.com\/1\/2020\/07\/17\/mourao-defende-nova-cpmf-para-financiar-renda-brasil\/","title":{"rendered":"Mour\u00e3o defende nova CPMF para financiar Renda Brasil"},"content":{"rendered":"\n<h1 class=\"wp-block-heading\"><\/h1>\n\n\n\n<p>A nova CPMF, como o imposto a ser recriado vem sendo chamado, \u00e9 alvo de diverg\u00eancias entre o ministro Paulo Guedes e o presidente da C\u00e2mara, Rodrigo Maia (DEM-RJ), que em uma entrevista \u00e0 Globo News na quinta-feira (16) disse que pretendia recriar a campanha &#8220;X\u00f4, CPMF&#8221;, lan\u00e7ada em 2007 contra a Contribui\u00e7\u00e3o Provis\u00f3ria sobre Movimenta\u00e7\u00f5es Financeiras, derrubada naquele momento pelo Congresso.<\/p>\n\n\n\n<p>Guedes defende o novo tributo como forma de desonerar a folha de pagamento para at\u00e9 um sal\u00e1rio m\u00ednimo (hoje, equivalente a R$ 1.045), o que pode ser feito por meio de um programa emergencial de emprego de at\u00e9 dois anos de dura\u00e7\u00e3o. Al\u00e9m disso, pretende criar um imposto negativo para trabalhadores informais, que representa uma esp\u00e9cie de b\u00f4nus de 20% sobre o rendimento da pessoa no m\u00eas (a ser usado na aposentadoria).<\/p>\n\n\n\n<p>&#8220;O ministro Paulo Guedes coloca como um substituto da desonera\u00e7\u00e3o da folha. Ao desonerar a folha, haveria uma oportunidade muito maior da cria\u00e7\u00e3o de empregos formais. Eu ainda vejo mais al\u00e9m: um imposto dessa natureza pode ser tamb\u00e9m utilizado para refor\u00e7ar o programa de renda m\u00ednima, o Renda Brasil, que vem sendo montado pelo governo&#8221;, disse Mour\u00e3o em entrevista \u00e0 R\u00e1dio Ga\u00facha.<\/p>\n\n\n\n<p>O vice-presidente afirmou que \u00e9 preciso esclarecer \u00e0 sociedade que a inten\u00e7\u00e3o n\u00e3o \u00e9 apenas &#8220;criar um imposto por criar um imposto&#8221;.<\/p>\n\n\n\n<p>&#8220;Hoje a discuss\u00e3o est\u00e1 centrada em cima da desonera\u00e7\u00e3o da folha, ent\u00e3o eu acho justo. N\u00e3o abrangeria todos os tipos de transa\u00e7\u00f5es. Hoje n\u00f3s temos uma s\u00e9rie de transa\u00e7\u00f5es eletr\u00f4nicas que s\u00e3o feitas e que n\u00e3o pagam tributo nenhum. N\u00f3s temos que arrumar um jeito de tributar isso a\u00ed. Vamos lembrar que o nosso sistema tribut\u00e1rio atual tem uma evas\u00e3o\/sonega\u00e7\u00e3o de mais de R$ 400 bilh\u00f5es. Isso \u00e9 muito dinheiro&#8221;, disse o vice-presidente.<\/p>\n\n\n\n<p>Ciente da rea\u00e7\u00e3o que o imposto vem gerando no Congresso, sobretudo de Maia, o governo tem feito c\u00e1lculos pol\u00edticos e pensado em alternativas, de acordo com pessoas ouvidas pela reportagem.<\/p>\n\n\n\n<p>Em meio \u00e0s duas propostas de reforma j\u00e1 criadas pelos parlamentares, uma ideia mencionada seria incorporar a ideia do novo imposto em outro pacote.<\/p>\n\n\n\n<p>Se sentir que o debate pode ficar interditado, o governo pode deixar para embutir a nova cobran\u00e7a no chamado programa da carteira de trabalho verde e amarela (previsto para os pr\u00f3ximos meses). Com isso, o plano n\u00e3o seria avaliado sob a \u00f3tica de uma reforma tribut\u00e1ria, mas de um programa contra o desemprego em massa.<\/p>\n\n\n\n<p>Outra alternativa \u00e9 buscar apoio do Senado. O programa de emprego a ser criado por Guedes prev\u00ea menos regras trabalhistas em rela\u00e7\u00e3o ao arcabou\u00e7o existente hoje na CLT, pelo menos para faixas salariais mais baixas.<\/p>\n\n\n\n<p>&#8220;A discuss\u00e3o \u00e9 dentro do Congresso. Eu tenho feito a compara\u00e7\u00e3o com a Amaz\u00f4nia, comparando com a bacia do Solim\u00f5es-Amazonas. O Congresso \u00e9 o grande Solim\u00f5es-Amazonas onde des\u00e1guam todos os afluentes, ou seja, todas as correntes de opini\u00e3o. Ent\u00e3o, tem que ser discutido l\u00e1 dentro. Se o Congresso aceitar, significa que a sociedade brasileira aceita. Se n\u00e3o aceitar, paci\u00eancia&#8221;, disse Mour\u00e3o \u00e0 r\u00e1dio.<\/p>\n","protected":false},"excerpt":{"rendered":"<p>A nova CPMF, como o imposto a ser recriado vem sendo chamado, \u00e9 alvo de diverg\u00eancias entre o ministro Paulo Guedes e o presidente da&hellip; <\/p>\n","protected":false},"author":2,"featured_media":179315,"comment_status":"closed","ping_status":"closed","sticky":false,"template":"","format":"standard","meta":{"sfsi_plus_gutenberg_text_before_share":"","sfsi_plus_gutenberg_show_text_before_share":"","sfsi_plus_gutenberg_icon_type":"","sfsi_plus_gutenberg_icon_alignemt":"","sfsi_plus_gutenburg_max_per_row":"","footnotes":""},"categories":[2],"tags":[],"class_list":["post-179314","post","type-post","status-publish","format-standard","has-post-thumbnail","hentry","category-geral"],"_links":{"self":[{"href":"https:\/\/www.caririemacao.com\/1\/wp-json\/wp\/v2\/posts\/179314","targetHints":{"allow":["GET"]}}],"collection":[{"href":"https:\/\/www.caririemacao.com\/1\/wp-json\/wp\/v2\/posts"}],"about":[{"href":"https:\/\/www.caririemacao.com\/1\/wp-json\/wp\/v2\/types\/post"}],"author":[{"embeddable":true,"href":"https:\/\/www.caririemacao.com\/1\/wp-json\/wp\/v2\/users\/2"}],"replies":[{"embeddable":true,"href":"https:\/\/www.caririemacao.com\/1\/wp-json\/wp\/v2\/comments?post=179314"}],"version-history":[{"count":1,"href":"https:\/\/www.caririemacao.com\/1\/wp-json\/wp\/v2\/posts\/179314\/revisions"}],"predecessor-version":[{"id":179316,"href":"https:\/\/www.caririemacao.com\/1\/wp-json\/wp\/v2\/posts\/179314\/revisions\/179316"}],"wp:featuredmedia":[{"embeddable":true,"href":"https:\/\/www.caririemacao.com\/1\/wp-json\/wp\/v2\/media\/179315"}],"wp:attachment":[{"href":"https:\/\/www.caririemacao.com\/1\/wp-json\/wp\/v2\/media?parent=179314"}],"wp:term":[{"taxonomy":"category","embeddable":true,"href":"https:\/\/www.caririemacao.com\/1\/wp-json\/wp\/v2\/categories?post=179314"},{"taxonomy":"post_tag","embeddable":true,"href":"https:\/\/www.caririemacao.com\/1\/wp-json\/wp\/v2\/tags?post=179314"}],"curies":[{"name":"wp","href":"https:\/\/api.w.org\/{rel}","templated":true}]}}