{"id":179322,"date":"2020-07-17T13:39:35","date_gmt":"2020-07-17T16:39:35","guid":{"rendered":"https:\/\/www.caririemacao.com\/1\/?p=179322"},"modified":"2020-07-17T13:39:35","modified_gmt":"2020-07-17T16:39:35","slug":"ministerio-publico-reserva-para-negros-30-das-vagas-de-estagio","status":"publish","type":"post","link":"https:\/\/www.caririemacao.com\/1\/2020\/07\/17\/ministerio-publico-reserva-para-negros-30-das-vagas-de-estagio\/","title":{"rendered":"Minist\u00e9rio P\u00fablico reserva para negros 30% das vagas de est\u00e1gio"},"content":{"rendered":"\n<h2 class=\"wp-block-heading\"><\/h2>\n\n\n\n<p>O Conselho Nacional do Minist\u00e9rio P\u00fablico (CNMP) publicou ontem (16) uma portaria que determina a reserva para candidatos negros de 30% das vagas em sele\u00e7\u00f5es de est\u00e1gio no Minist\u00e9rio P\u00fablico.<img decoding=\"async\" data-src=\"https:\/\/agenciabrasil.ebc.com.br\/ebc.png?id=1311753&amp;o=node\" src=\"data:image\/svg+xml;base64,PHN2ZyB3aWR0aD0iMSIgaGVpZ2h0PSIxIiB4bWxucz0iaHR0cDovL3d3dy53My5vcmcvMjAwMC9zdmciPjwvc3ZnPg==\" class=\"lazyload\"><\/p>\n\n\n\n<p>Pelo texto, o percentual se aplica sempre que a quantidade de vagas for maior que tr\u00eas. Poder\u00e3o concorrer pela cota aqueles que se autodeclararem pretos ou pardos no ato da inscri\u00e7\u00e3o, conforme o quesito cor ou ra\u00e7a utilizado pela Funda\u00e7\u00e3o Instituto Brasileiro de Geografia e Estat\u00edstica.<\/p>\n\n\n\n<p>A norma prev\u00ea ainda que os candidatos negros que forem selecionados ser\u00e3o chamados a confirmar a op\u00e7\u00e3o feia na inscri\u00e7\u00e3o, assinando uma declara\u00e7\u00e3o. \u201cSe comprovada falsa a declara\u00e7\u00e3o, o candidato ser\u00e1 eliminado e, se houver sido contratado, poder\u00e1 ter sua contrata\u00e7\u00e3o anulada\u201d, informou o CNMP em seu&nbsp;<em>site<\/em>.<\/p>\n","protected":false},"excerpt":{"rendered":"<p>O Conselho Nacional do Minist\u00e9rio P\u00fablico (CNMP) publicou ontem (16) uma portaria que determina a reserva para candidatos negros de 30% das vagas em sele\u00e7\u00f5es&hellip; <\/p>\n","protected":false},"author":2,"featured_media":179323,"comment_status":"closed","ping_status":"closed","sticky":false,"template":"","format":"standard","meta":{"sfsi_plus_gutenberg_text_before_share":"","sfsi_plus_gutenberg_show_text_before_share":"","sfsi_plus_gutenberg_icon_type":"","sfsi_plus_gutenberg_icon_alignemt":"","sfsi_plus_gutenburg_max_per_row":"","footnotes":""},"categories":[2],"tags":[],"class_list":["post-179322","post","type-post","status-publish","format-standard","has-post-thumbnail","hentry","category-geral"],"_links":{"self":[{"href":"https:\/\/www.caririemacao.com\/1\/wp-json\/wp\/v2\/posts\/179322","targetHints":{"allow":["GET"]}}],"collection":[{"href":"https:\/\/www.caririemacao.com\/1\/wp-json\/wp\/v2\/posts"}],"about":[{"href":"https:\/\/www.caririemacao.com\/1\/wp-json\/wp\/v2\/types\/post"}],"author":[{"embeddable":true,"href":"https:\/\/www.caririemacao.com\/1\/wp-json\/wp\/v2\/users\/2"}],"replies":[{"embeddable":true,"href":"https:\/\/www.caririemacao.com\/1\/wp-json\/wp\/v2\/comments?post=179322"}],"version-history":[{"count":1,"href":"https:\/\/www.caririemacao.com\/1\/wp-json\/wp\/v2\/posts\/179322\/revisions"}],"predecessor-version":[{"id":179324,"href":"https:\/\/www.caririemacao.com\/1\/wp-json\/wp\/v2\/posts\/179322\/revisions\/179324"}],"wp:featuredmedia":[{"embeddable":true,"href":"https:\/\/www.caririemacao.com\/1\/wp-json\/wp\/v2\/media\/179323"}],"wp:attachment":[{"href":"https:\/\/www.caririemacao.com\/1\/wp-json\/wp\/v2\/media?parent=179322"}],"wp:term":[{"taxonomy":"category","embeddable":true,"href":"https:\/\/www.caririemacao.com\/1\/wp-json\/wp\/v2\/categories?post=179322"},{"taxonomy":"post_tag","embeddable":true,"href":"https:\/\/www.caririemacao.com\/1\/wp-json\/wp\/v2\/tags?post=179322"}],"curies":[{"name":"wp","href":"https:\/\/api.w.org\/{rel}","templated":true}]}}