{"id":179330,"date":"2020-07-17T13:46:24","date_gmt":"2020-07-17T16:46:24","guid":{"rendered":"https:\/\/www.caririemacao.com\/1\/?p=179330"},"modified":"2020-07-17T13:46:24","modified_gmt":"2020-07-17T16:46:24","slug":"bolsonaro-e-proibido-militar-na-politica-e-proibido-militar-ser-ministro","status":"publish","type":"post","link":"https:\/\/www.caririemacao.com\/1\/2020\/07\/17\/bolsonaro-e-proibido-militar-na-politica-e-proibido-militar-ser-ministro\/","title":{"rendered":"Bolsonaro: \u201c\u00c9 proibido militar na pol\u00edtica? \u00c9 proibido militar ser ministro?\u201d"},"content":{"rendered":"\n<h1 class=\"wp-block-heading\"><\/h1>\n\n\n\n<p>\u201cO Pazuello est\u00e1 muito bem l\u00e1\u201d, declarou Bolsonaro em sua live semanal nas redes sociais. O presidente argumentou ainda que prefeitos e governadores que t\u00eam solicitado aux\u00edlio ao Minist\u00e9rio da Sa\u00fade est\u00e3o sendo atendidos.<\/p>\n\n\n\n<p>\u201cAcho que est\u00e1 precisando muito mais de um gestor do que um m\u00e9dico na sa\u00fade\u201d, acrescentou Bolsonaro, referindo-se \u00e0s queixas de que o militar n\u00e3o tem forma\u00e7\u00e3o m\u00e9dica.<\/p>\n\n\n\n<p>A atua\u00e7\u00e3o de Pazuello \u2013ministro interino desde o pedido de demiss\u00e3o de Nelson Teich, em maio\u2013 e a ocupa\u00e7\u00e3o de postos-chave da pasta por militares estiveram no centro de uma crise nos \u00faltimos dias.<\/p>\n\n\n\n<p>No final de semana passado, o ministro Gilmar Mendes, do STF (Supremo Tribunal Federal), criticou a militariza\u00e7\u00e3o do minist\u00e9rio e disse que o Ex\u00e9rcito estava se associando a um genoc\u00eddio.<\/p>\n\n\n\n<p>Pazuello comanda o principal minist\u00e9rio respons\u00e1vel por reagir \u00e0 crise do coronav\u00edrus, que no Brasil j\u00e1 soma mais de 2 milh\u00f5es de infectados e 76 mil mortos.<\/p>\n\n\n\n<p>A fala de Gilmar desencadeou dois movimentos.<\/p>\n\n\n\n<p>Porta-voz da c\u00fapula militar, o ministro da Defesa, Fernando Azevedo, publicou uma dura nota e informou que havia representado contra Gilmar na PGR (Procuradoria-Geral da Rep\u00fablica).<\/p>\n\n\n\n<p>Mas, em outro flanco, integrantes do Ex\u00e9rcito incomodados com a responsabiliza\u00e7\u00e3o das for\u00e7as armadas renovaram as press\u00f5es para que Pazuello seja substitu\u00eddo ou pe\u00e7a remo\u00e7\u00e3o para a reserva \u2013como fez o ministro Luiz Eduardo Ramos, da Secretaria de Governo.<\/p>\n\n\n\n<p>A aliados, no entanto, o ministro interino sinalizou que n\u00e3o pretende antecipar sua ida para a reserva.<\/p>\n\n\n\n<p>Na live desta quinta, Bolsonaro confirmou que conversou com Gilmar ap\u00f3s a eclos\u00e3o da crise e que instruiu Pazuello a informar o magistrado sobre a\u00e7\u00f5es da pasta.<\/p>\n\n\n\n<p>Em um sinal de que n\u00e3o pretende antagonizar com Gilmar, Bolsonaro afirmou que \u201ccr\u00edtica construtiva \u00e9 bem-vinda\u201d e que, com a nota do Minist\u00e9rio da Defesa, considera o assunto encerrado.<\/p>\n\n\n\n<p>O presidente usou a transmiss\u00e3o para render elogios a Pazuello, a quem chamou de \u201cexcepcional\u201d, e negar que exista um excesso de militares na pasta ou mesmo na Esplanada. Bolsonaro est\u00e1 em isolamento no Pal\u00e1cio da Alvorada, ap\u00f3s ter sido diagnosticado com o coronav\u00edrus.<\/p>\n\n\n\n<p>\u201c[Vamos] falar em Pazuello. Alguns querem a sa\u00edda dele porque [tem] a militariza\u00e7\u00e3o. Voc\u00eas est\u00e3o com saudades dos ministros da Dilma, Lula e Fernando Henrique?\u201d, questionou o presidente.<\/p>\n\n\n\n<p>Ele disse ainda que o general da ativa levou consigo 15 militares para auxili\u00e1-lo na pasta.<\/p>\n\n\n\n<p>Apesar da fala do presidente, h\u00e1 ao menos 24 militares, na ativa ou na reserva, nomeados para o minist\u00e9rio.<\/p>\n\n\n\n<p>Bolsonaro enumerou ainda um a um todos os seus ministros que tamb\u00e9m s\u00e3o militares e lembrou que sua chapa presidencial em 2018 era formada por ele \u2013um capit\u00e3o reformado\u2013 e pelo vice-presidente Hamilton Mour\u00e3o, general da reserva.<\/p>\n\n\n\n<p>\u201c\u00c9 proibido militar na pol\u00edtica? \u00c9 proibido militar ser ministro? N\u00e3o\u201d, declarou o presidente.<\/p>\n","protected":false},"excerpt":{"rendered":"<p>\u201cO Pazuello est\u00e1 muito bem l\u00e1\u201d, declarou Bolsonaro em sua live semanal nas redes sociais. O presidente argumentou ainda que prefeitos e governadores que t\u00eam&hellip; <\/p>\n","protected":false},"author":2,"featured_media":179331,"comment_status":"closed","ping_status":"closed","sticky":false,"template":"","format":"standard","meta":{"sfsi_plus_gutenberg_text_before_share":"","sfsi_plus_gutenberg_show_text_before_share":"","sfsi_plus_gutenberg_icon_type":"","sfsi_plus_gutenberg_icon_alignemt":"","sfsi_plus_gutenburg_max_per_row":"","footnotes":""},"categories":[11],"tags":[],"class_list":["post-179330","post","type-post","status-publish","format-standard","has-post-thumbnail","hentry","category-politica"],"_links":{"self":[{"href":"https:\/\/www.caririemacao.com\/1\/wp-json\/wp\/v2\/posts\/179330","targetHints":{"allow":["GET"]}}],"collection":[{"href":"https:\/\/www.caririemacao.com\/1\/wp-json\/wp\/v2\/posts"}],"about":[{"href":"https:\/\/www.caririemacao.com\/1\/wp-json\/wp\/v2\/types\/post"}],"author":[{"embeddable":true,"href":"https:\/\/www.caririemacao.com\/1\/wp-json\/wp\/v2\/users\/2"}],"replies":[{"embeddable":true,"href":"https:\/\/www.caririemacao.com\/1\/wp-json\/wp\/v2\/comments?post=179330"}],"version-history":[{"count":1,"href":"https:\/\/www.caririemacao.com\/1\/wp-json\/wp\/v2\/posts\/179330\/revisions"}],"predecessor-version":[{"id":179332,"href":"https:\/\/www.caririemacao.com\/1\/wp-json\/wp\/v2\/posts\/179330\/revisions\/179332"}],"wp:featuredmedia":[{"embeddable":true,"href":"https:\/\/www.caririemacao.com\/1\/wp-json\/wp\/v2\/media\/179331"}],"wp:attachment":[{"href":"https:\/\/www.caririemacao.com\/1\/wp-json\/wp\/v2\/media?parent=179330"}],"wp:term":[{"taxonomy":"category","embeddable":true,"href":"https:\/\/www.caririemacao.com\/1\/wp-json\/wp\/v2\/categories?post=179330"},{"taxonomy":"post_tag","embeddable":true,"href":"https:\/\/www.caririemacao.com\/1\/wp-json\/wp\/v2\/tags?post=179330"}],"curies":[{"name":"wp","href":"https:\/\/api.w.org\/{rel}","templated":true}]}}