{"id":179334,"date":"2020-07-17T13:50:41","date_gmt":"2020-07-17T16:50:41","guid":{"rendered":"https:\/\/www.caririemacao.com\/1\/?p=179334"},"modified":"2020-07-17T13:50:41","modified_gmt":"2020-07-17T16:50:41","slug":"prazo-para-inscricoes-no-prouni-termina-hoje","status":"publish","type":"post","link":"https:\/\/www.caririemacao.com\/1\/2020\/07\/17\/prazo-para-inscricoes-no-prouni-termina-hoje\/","title":{"rendered":"Prazo para inscri\u00e7\u00f5es no ProUni termina hoje"},"content":{"rendered":"\n<h1 class=\"wp-block-heading\"><\/h1>\n\n\n\n<p>Estudantes interessados em concorrer a uma das cerca de 170 mil bolsas oferecidas pelo Programa Universidade para Todos (ProUni) t\u00eam at\u00e9 hoje (17), \u00e0s 23h59, para concluir o formul\u00e1rio de cadastro no&nbsp;<a href=\"https:\/\/prounialuno.mec.gov.br\/\" target=\"_blank\" rel=\"noreferrer noopener\">portal do aluno<\/a>.<\/p>\n\n\n\n<p>O ProUni oferece bolsas integrais e parciais para institui\u00e7\u00f5es de ensino superior da rede privada. Segundo o Minist\u00e9rio da Educa\u00e7\u00e3o, essa edi\u00e7\u00e3o do programa beneficiar\u00e1 167.780 alunos que ingressar\u00e3o no ensino superior. O programa disp\u00f5e de 60.551 bolsas integrais e&nbsp; 07.229 bolsas parciais, que cobrem 50% da mensalidade do curso selecionado.<\/p>\n\n\n\n<p>\u201cO ProUni \u00e9 um programa de inclus\u00e3o social de maior efici\u00eancia e efic\u00e1cia. \u00c9 um programa com meta clara e regras transparentes de concess\u00e3o de benef\u00edcios fiscais. N\u00e3o consigo pensar em um exemplo melhor de programa de transfer\u00eancia de renda e diminui\u00e7\u00e3o da desigualdade social\u201d, afirmou a presidente Associa\u00e7\u00e3o Nacional das Universidades Privadas (Anup), Elizabeth Guedes.<\/p>\n\n\n\n<p>Podem participar aqueles que fizeram a \u00faltima edi\u00e7\u00e3o do Exame Nacional do Ensino M\u00e9dio (Enem) e alcan\u00e7aram no m\u00ednimo 450 pontos. Os interessados nas bolsas n\u00e3o podem ter recebido nota zero na&nbsp;reda\u00e7\u00e3o.<\/p>\n\n\n\n<p>Segundo Elizabeth Guedes, a execu\u00e7\u00e3o do ProUni de 2020 foi impec\u00e1vel, apesar das circunst\u00e2ncias da pandemia de covid-19 e dos entraves criados pela quarentena e pelo isolamento social. \u201cNunca houve uma edi\u00e7\u00e3o t\u00e3o transparente, eficiente e sem problemas como a deste ano. Hoje, quando terminar o prazo, todos os estudantes interessados em concorrer a uma bolsa do ProUni ter\u00e3o conseguido. Todas as inscri\u00e7\u00f5es foram feitas sem problemas de servidor, sem indisponibilidade de sistemas, com o&nbsp;<em>site<\/em>&nbsp;no ar em 100% do tempo. N\u00e3o haver\u00e1 adiamento ou amplia\u00e7\u00e3o do prazo, j\u00e1 que todas as metas estabelecidas foram cumpridas\u201d, ressaltou a presidente da Anup.<\/p>\n\n\n\n<p>O ProUni de 2020 poder\u00e1 ser respons\u00e1vel, em parte, pela recupera\u00e7\u00e3o econ\u00f4mica de institui\u00e7\u00f5es de ensino superior, diz&nbsp;Elizabeth Guedes. \u201cUma vez que a inadimpl\u00eancia no setor cresceu 70%, acompanhada da&nbsp;evas\u00e3o, os fundos do ProUni garantem o pagamento de impostos sem uso de caixa. Com as bolsas, professores e alunos s\u00e3o mantidos em sala de aula, mesmo sem a previs\u00e3o de normalidade\u201d, explicou a executiva.<\/p>\n\n\n\n<p>O cronograma prev\u00ea, ap\u00f3s o fim das inscri\u00e7\u00f5es, a divulga\u00e7\u00e3o do resultado da 1\u00aa chamada no dia 21 de julho, a comprova\u00e7\u00e3o de informa\u00e7\u00f5es da 1\u00aa chamada at\u00e9 o dia 28 deste m\u00eas e o resultado da 2\u00aa chamada no dia 4 de agosto.<\/p>\n","protected":false},"excerpt":{"rendered":"<p>Estudantes interessados em concorrer a uma das cerca de 170 mil bolsas oferecidas pelo Programa Universidade para Todos (ProUni) t\u00eam at\u00e9 hoje (17), \u00e0s 23h59,&hellip; <\/p>\n","protected":false},"author":2,"featured_media":179335,"comment_status":"closed","ping_status":"closed","sticky":false,"template":"","format":"standard","meta":{"sfsi_plus_gutenberg_text_before_share":"","sfsi_plus_gutenberg_show_text_before_share":"","sfsi_plus_gutenberg_icon_type":"","sfsi_plus_gutenberg_icon_alignemt":"","sfsi_plus_gutenburg_max_per_row":"","footnotes":""},"categories":[2],"tags":[],"class_list":["post-179334","post","type-post","status-publish","format-standard","has-post-thumbnail","hentry","category-geral"],"_links":{"self":[{"href":"https:\/\/www.caririemacao.com\/1\/wp-json\/wp\/v2\/posts\/179334","targetHints":{"allow":["GET"]}}],"collection":[{"href":"https:\/\/www.caririemacao.com\/1\/wp-json\/wp\/v2\/posts"}],"about":[{"href":"https:\/\/www.caririemacao.com\/1\/wp-json\/wp\/v2\/types\/post"}],"author":[{"embeddable":true,"href":"https:\/\/www.caririemacao.com\/1\/wp-json\/wp\/v2\/users\/2"}],"replies":[{"embeddable":true,"href":"https:\/\/www.caririemacao.com\/1\/wp-json\/wp\/v2\/comments?post=179334"}],"version-history":[{"count":1,"href":"https:\/\/www.caririemacao.com\/1\/wp-json\/wp\/v2\/posts\/179334\/revisions"}],"predecessor-version":[{"id":179336,"href":"https:\/\/www.caririemacao.com\/1\/wp-json\/wp\/v2\/posts\/179334\/revisions\/179336"}],"wp:featuredmedia":[{"embeddable":true,"href":"https:\/\/www.caririemacao.com\/1\/wp-json\/wp\/v2\/media\/179335"}],"wp:attachment":[{"href":"https:\/\/www.caririemacao.com\/1\/wp-json\/wp\/v2\/media?parent=179334"}],"wp:term":[{"taxonomy":"category","embeddable":true,"href":"https:\/\/www.caririemacao.com\/1\/wp-json\/wp\/v2\/categories?post=179334"},{"taxonomy":"post_tag","embeddable":true,"href":"https:\/\/www.caririemacao.com\/1\/wp-json\/wp\/v2\/tags?post=179334"}],"curies":[{"name":"wp","href":"https:\/\/api.w.org\/{rel}","templated":true}]}}