{"id":179338,"date":"2020-07-17T14:07:57","date_gmt":"2020-07-17T17:07:57","guid":{"rendered":"https:\/\/www.caririemacao.com\/1\/?p=179338"},"modified":"2020-07-17T14:07:57","modified_gmt":"2020-07-17T17:07:57","slug":"desemprego-acelera-e-atinge-maior-taxa-em-oito-semanas","status":"publish","type":"post","link":"https:\/\/www.caririemacao.com\/1\/2020\/07\/17\/desemprego-acelera-e-atinge-maior-taxa-em-oito-semanas\/","title":{"rendered":"Desemprego acelera e atinge maior taxa em oito semanas"},"content":{"rendered":"\n<h1 class=\"wp-block-heading\"><a href=\"https:\/\/www.clickpb.com.br\/\"><\/a><\/h1>\n\n\n\n<h1 class=\"wp-block-heading\"><\/h1>\n\n\n\n<p>De acordo com o instituto, 12,4 milh\u00f5es de brasileiros estavam em busca de trabalho na semana encerrada em 27 de junho, o que equivale a uma taxa de desemprego de 13,1%. S\u00e3o 2,6 milh\u00f5es de pessoas a mais do que a primeira edi\u00e7\u00e3o da pesquisa, na semana encerrada no dia 9 de maio.<\/p>\n\n\n\n<p>Em nota, a coordenadora da pesquisa, Maria L\u00facia Vieira, diz que a piora do indicador \u00e9 resultado tanto da queda da popula\u00e7\u00e3o ocupada quanto do aumento do n\u00famero de pessoas atr\u00e1s de emprego. &#8220;A popula\u00e7\u00e3o desocupada em busca de ocupa\u00e7\u00e3o aumentou 26% em rela\u00e7\u00e3o \u00e0 primeira semana de maio&#8221;, disse ela.<\/p>\n\n\n\n<p>A pesquisa do IBGE identificou que 82,5 milh\u00f5es de brasileiros tinham trabalho na \u00faltima semana de junho, contra 84 milh\u00f5es na semana anterior. Foi a primeira vez que a queda no n\u00famero de ocupados superou um milh\u00e3o de pessoas desde o in\u00edcio da pesquisa.<\/p>\n\n\n\n<p>O instituto n\u00e3o analisou as raz\u00f5es para a forte queda no n\u00famero de empregados no pa\u00eds, que ocorre num momento de relaxamento das medidas de isolamento social, com a reabertura de lojas e servi\u00e7os em grandes cidades que foram epicentros no in\u00edcio da pandemia.<\/p>\n\n\n\n<p>Segundo o IBGE, caiu tamb\u00e9m o contingente de pessoas que t\u00eam emprego mas estavam afastadas do trabalho devido ao isolamento social, que passou de 11,1 milh\u00f5es para 10,3 milh\u00f5es de pessoas. Na compara\u00e7\u00e3o com o in\u00edcio de maio, s\u00e3o 5,5 milh\u00f5es de pessoas a menos.<\/p>\n\n\n\n<p>&#8220;Isso \u00e9 resultado de pessoas que podem estar retornando ao trabalho, mas tamb\u00e9m devido a um poss\u00edvel desligamento dessas pessoas do trabalho que elas tinham&#8221;, disse a coordenadora da pesquisa do IBGE.<\/p>\n\n\n\n<p>Houve queda tamb\u00e9m no n\u00famero de trabalhadores informais, que passou de 29,9 milh\u00f5es no in\u00edcio de maio para 28,5 milh\u00f5es na \u00faltima semana de junho, em um indicativo de que a acelera\u00e7\u00e3o do desemprego tamb\u00e9m atingiu aqueles que n\u00e3o t\u00eam carteira assinada.<\/p>\n\n\n\n<p>A taxa de desemprego reflete o contingente de pessoas que diz estar em busca de uma coloca\u00e7\u00e3o. Segundo o IBGE, por\u00e9m, h\u00e1 26,9 milh\u00f5es de pessoas no pa\u00eds que gostariam de trabalhar mas n\u00e3o procuraram trabalho no per\u00edodo.<\/p>\n\n\n\n<p>Com o relaxamento das medidas de isolamento, caiu o n\u00famero de pessoas que alegam que a pandemia limita a busca por emprego. No in\u00edcio de maio, eram 19,1 milh\u00f5es. J\u00e1 na \u00faltima semana de junho, foram 17,8 milh\u00f5es de pessoas.<\/p>\n\n\n\n<p>&#8220;A pandemia vem, cada vez mais, deixando de ser o principal motivo que as pessoas alegam para n\u00e3o ter procurado trabalho&#8221;, afirmou Vieira. Entre os ocupados, 8,6 milh\u00f5es trabalhavam de forma remota, n\u00famero que segue est\u00e1vel desde a primeira semana da pesquisa.<\/p>\n\n\n\n<p>Nesta quinta (17), o IBGE divulgou a primeira edi\u00e7\u00e3o de uma pesquisa sobre os impactos da pandemia nas empresas, que indicou que 522 mil neg\u00f3cios suspenderam atividades ou fecharam definitivamente as portas ap\u00f3s o in\u00edcio da crise.<\/p>\n\n\n\n<p>O problema atingiu de forma mais intensa pequenas empresas do setor de servi\u00e7os, que \u00e9 uma grande empregador e sofre mais com as restri\u00e7\u00f5es \u00e0 abertura de estabelecimentos comerciais. Nesse segmento se enquadram, por exemplo, bares, restaurantes, hot\u00e9is e atividades culturais.<\/p>\n","protected":false},"excerpt":{"rendered":"<p>De acordo com o instituto, 12,4 milh\u00f5es de brasileiros estavam em busca de trabalho na semana encerrada em 27 de junho, o que equivale a&hellip; <\/p>\n","protected":false},"author":2,"featured_media":179339,"comment_status":"closed","ping_status":"closed","sticky":false,"template":"","format":"standard","meta":{"sfsi_plus_gutenberg_text_before_share":"","sfsi_plus_gutenberg_show_text_before_share":"","sfsi_plus_gutenberg_icon_type":"","sfsi_plus_gutenberg_icon_alignemt":"","sfsi_plus_gutenburg_max_per_row":"","footnotes":""},"categories":[2],"tags":[],"class_list":["post-179338","post","type-post","status-publish","format-standard","has-post-thumbnail","hentry","category-geral"],"_links":{"self":[{"href":"https:\/\/www.caririemacao.com\/1\/wp-json\/wp\/v2\/posts\/179338","targetHints":{"allow":["GET"]}}],"collection":[{"href":"https:\/\/www.caririemacao.com\/1\/wp-json\/wp\/v2\/posts"}],"about":[{"href":"https:\/\/www.caririemacao.com\/1\/wp-json\/wp\/v2\/types\/post"}],"author":[{"embeddable":true,"href":"https:\/\/www.caririemacao.com\/1\/wp-json\/wp\/v2\/users\/2"}],"replies":[{"embeddable":true,"href":"https:\/\/www.caririemacao.com\/1\/wp-json\/wp\/v2\/comments?post=179338"}],"version-history":[{"count":1,"href":"https:\/\/www.caririemacao.com\/1\/wp-json\/wp\/v2\/posts\/179338\/revisions"}],"predecessor-version":[{"id":179340,"href":"https:\/\/www.caririemacao.com\/1\/wp-json\/wp\/v2\/posts\/179338\/revisions\/179340"}],"wp:featuredmedia":[{"embeddable":true,"href":"https:\/\/www.caririemacao.com\/1\/wp-json\/wp\/v2\/media\/179339"}],"wp:attachment":[{"href":"https:\/\/www.caririemacao.com\/1\/wp-json\/wp\/v2\/media?parent=179338"}],"wp:term":[{"taxonomy":"category","embeddable":true,"href":"https:\/\/www.caririemacao.com\/1\/wp-json\/wp\/v2\/categories?post=179338"},{"taxonomy":"post_tag","embeddable":true,"href":"https:\/\/www.caririemacao.com\/1\/wp-json\/wp\/v2\/tags?post=179338"}],"curies":[{"name":"wp","href":"https:\/\/api.w.org\/{rel}","templated":true}]}}