{"id":179346,"date":"2020-07-17T18:12:49","date_gmt":"2020-07-17T21:12:49","guid":{"rendered":"https:\/\/www.caririemacao.com\/1\/?p=179346"},"modified":"2020-07-17T18:12:49","modified_gmt":"2020-07-17T21:12:49","slug":"nota-sebrae-paraiba-retoma-atividades-presenciais-na-proxima-segunda-feira-20","status":"publish","type":"post","link":"https:\/\/www.caririemacao.com\/1\/2020\/07\/17\/nota-sebrae-paraiba-retoma-atividades-presenciais-na-proxima-segunda-feira-20\/","title":{"rendered":"NOTA: Sebrae Para\u00edba retoma atividades presenciais na pr\u00f3xima segunda-feira (20)"},"content":{"rendered":"\n<p>Ap\u00f3s um per\u00edodo de atendimento exclusivamente remoto devido \u00e0 pandemia do novo coronav\u00edrus, o Sebrae Para\u00edba ir\u00e1 dar in\u00edcio \u00e0 retomada gradual de suas atividades de maneira presencial nesta segunda-feira (20), passando a realizar o atendimento dos clientes em suas ag\u00eancias das 8h \u00e0s 12h, de segunda a sexta-feira (exceto na Ag\u00eancia Sul, onde, devido ao funcionamento do Mangabeira Shopping, o hor\u00e1rio ser\u00e1 das 14h \u00e0s 18h). O atendimento, no entanto, ser\u00e1 feito apenas mediante agendamento pr\u00e9vio atrav\u00e9s do 0800 570 0800 ou do WhatsApp (83) 9 9193-3372.&nbsp;<\/p>\n\n\n\n<p>De acordo com o superintendente do Sebrae Para\u00edba, Walter Aguiar, a estrutura do Sebrae passou por adapta\u00e7\u00f5es seguindo todas as medidas de seguran\u00e7a recomendadas pelas autoridades. &#8220;Nosso foco \u00e9, acima de tudo, fazer a retomada de maneira segura, tanto para os nossos colaboradores como para nossos clientes&#8221;, destacou.&nbsp;<\/p>\n\n\n\n<p>Trabalhando para estimular o empreendedorismo e possibilitar a competitividade&nbsp; e a sustentabilidade dos empreendimentos de micro e pequeno porte nos setores da ind\u00fastria, agroneg\u00f3cio, com\u00e9rcio e servi\u00e7os, o Sebrae oferece diversas solu\u00e7\u00f5es para os empreendedores, desde capacita\u00e7\u00f5es a consultorias. Palestras, oficinas, workshops presenciais e cursos, no entanto, continuar\u00e3o acontecendo em formato online, pelos canais do Sebrae Para\u00edba e das institui\u00e7\u00f5es parceiras.&nbsp;<\/p>\n\n\n\n<p><em>Atendimento remoto &#8211;<\/em> O atendimento virtual realizado pelo Sebrae Para\u00edba ainda estar\u00e1 dispon\u00edvel por meio do 0800 570 0800 ou do WhatsApp (83) 9 9193-3372, assim como pelo site&nbsp;www.sebraepb.com.br.www.sebraepb.com.br.&nbsp;Nele, o cliente pode ter acesso a diversos cursos online de empreendedorismo, assim como pode falar com um dos consultores Sebrae.&nbsp;<\/p>\n","protected":false},"excerpt":{"rendered":"<p>Ap\u00f3s um per\u00edodo de atendimento exclusivamente remoto devido \u00e0 pandemia do novo coronav\u00edrus, o Sebrae Para\u00edba ir\u00e1 dar in\u00edcio \u00e0 retomada gradual de suas atividades&hellip; <\/p>\n","protected":false},"author":2,"featured_media":179348,"comment_status":"closed","ping_status":"closed","sticky":false,"template":"","format":"standard","meta":{"sfsi_plus_gutenberg_text_before_share":"","sfsi_plus_gutenberg_show_text_before_share":"","sfsi_plus_gutenberg_icon_type":"","sfsi_plus_gutenberg_icon_alignemt":"","sfsi_plus_gutenburg_max_per_row":"","footnotes":""},"categories":[2],"tags":[],"class_list":["post-179346","post","type-post","status-publish","format-standard","has-post-thumbnail","hentry","category-geral"],"_links":{"self":[{"href":"https:\/\/www.caririemacao.com\/1\/wp-json\/wp\/v2\/posts\/179346","targetHints":{"allow":["GET"]}}],"collection":[{"href":"https:\/\/www.caririemacao.com\/1\/wp-json\/wp\/v2\/posts"}],"about":[{"href":"https:\/\/www.caririemacao.com\/1\/wp-json\/wp\/v2\/types\/post"}],"author":[{"embeddable":true,"href":"https:\/\/www.caririemacao.com\/1\/wp-json\/wp\/v2\/users\/2"}],"replies":[{"embeddable":true,"href":"https:\/\/www.caririemacao.com\/1\/wp-json\/wp\/v2\/comments?post=179346"}],"version-history":[{"count":1,"href":"https:\/\/www.caririemacao.com\/1\/wp-json\/wp\/v2\/posts\/179346\/revisions"}],"predecessor-version":[{"id":179347,"href":"https:\/\/www.caririemacao.com\/1\/wp-json\/wp\/v2\/posts\/179346\/revisions\/179347"}],"wp:featuredmedia":[{"embeddable":true,"href":"https:\/\/www.caririemacao.com\/1\/wp-json\/wp\/v2\/media\/179348"}],"wp:attachment":[{"href":"https:\/\/www.caririemacao.com\/1\/wp-json\/wp\/v2\/media?parent=179346"}],"wp:term":[{"taxonomy":"category","embeddable":true,"href":"https:\/\/www.caririemacao.com\/1\/wp-json\/wp\/v2\/categories?post=179346"},{"taxonomy":"post_tag","embeddable":true,"href":"https:\/\/www.caririemacao.com\/1\/wp-json\/wp\/v2\/tags?post=179346"}],"curies":[{"name":"wp","href":"https:\/\/api.w.org\/{rel}","templated":true}]}}