{"id":17935,"date":"2017-04-17T10:02:37","date_gmt":"2017-04-17T13:02:37","guid":{"rendered":"http:\/\/caririemacao.com\/1\/?p=17935"},"modified":"2017-04-17T10:51:41","modified_gmt":"2017-04-17T13:51:41","slug":"exclusivo-jovem-encontrado-em-estado-de-decomposicao-e-de-sume","status":"publish","type":"post","link":"https:\/\/www.caririemacao.com\/1\/2017\/04\/17\/exclusivo-jovem-encontrado-em-estado-de-decomposicao-e-de-sume\/","title":{"rendered":"EXCLUSIVO: Jovem encontrado em estado de decomposi\u00e7\u00e3o \u00e9 de Sum\u00e9."},"content":{"rendered":"<p>Trata-se do jovem Natan Caetano Pereira, de 26 anos de idade. Natan foi encontrado morto, j\u00e1 em estado de decomposi\u00e7\u00e3o, pr\u00f3ximo s\u00edtio Riacho dos Pil\u00f5es, entre Congo e Sum\u00e9.<\/p>\n<p>Ele foi encontrado na tarde deste domingo e encaminhado pelo IML para Campina Grande. A fam\u00edlia foi encaminhada para Campina Grande para a identifica\u00e7\u00e3o do corpo.<\/p>\n<p>Natan supostamente foi morto com um golpe na cabe\u00e7a. Os motivos de sua morte n\u00e3o se sabe ainda.<\/p>\n<p>Daqui a pouco mais detalhes.<\/p>\n<p><a href=\"http:\/\/caririemacao.com\/1\/wp-content\/uploads\/2017\/04\/natan-2.jpg\"><img fetchpriority=\"high\" decoding=\"async\" class=\"alignnone size-medium wp-image-17940 aligncenter\" src=\"http:\/\/caririemacao.com\/1\/wp-content\/uploads\/2017\/04\/natan-2-300x300.jpg\" alt=\"natan 2\" width=\"300\" height=\"300\" srcset=\"https:\/\/www.caririemacao.com\/1\/wp-content\/uploads\/2017\/04\/natan-2-300x300.jpg 300w, https:\/\/www.caririemacao.com\/1\/wp-content\/uploads\/2017\/04\/natan-2-150x150.jpg 150w, https:\/\/www.caririemacao.com\/1\/wp-content\/uploads\/2017\/04\/natan-2.jpg 480w\" sizes=\"(max-width: 300px) 100vw, 300px\" \/><\/a><\/p>\n<p><a href=\"http:\/\/caririemacao.com\/1\/wp-content\/uploads\/2017\/04\/natan3.jpg\"><img decoding=\"async\" class=\"alignnone size-medium wp-image-17941 aligncenter lazyload\" data-src=\"http:\/\/caririemacao.com\/1\/wp-content\/uploads\/2017\/04\/natan3-300x300.jpg\" alt=\"natan3\" width=\"300\" height=\"300\" data-srcset=\"https:\/\/www.caririemacao.com\/1\/wp-content\/uploads\/2017\/04\/natan3-300x300.jpg 300w, https:\/\/www.caririemacao.com\/1\/wp-content\/uploads\/2017\/04\/natan3-150x150.jpg 150w, https:\/\/www.caririemacao.com\/1\/wp-content\/uploads\/2017\/04\/natan3.jpg 540w\" data-sizes=\"(max-width: 300px) 100vw, 300px\" src=\"data:image\/svg+xml;base64,PHN2ZyB3aWR0aD0iMSIgaGVpZ2h0PSIxIiB4bWxucz0iaHR0cDovL3d3dy53My5vcmcvMjAwMC9zdmciPjwvc3ZnPg==\" style=\"--smush-placeholder-width: 300px; --smush-placeholder-aspect-ratio: 300\/300;\" \/><\/a><\/p>\n<p><a href=\"http:\/\/caririemacao.com\/1\/wp-content\/uploads\/2017\/04\/natan4.jpg\"><img decoding=\"async\" class=\"size-medium wp-image-17942 aligncenter lazyload\" data-src=\"http:\/\/caririemacao.com\/1\/wp-content\/uploads\/2017\/04\/natan4-300x300.jpg\" alt=\"natan4\" width=\"300\" height=\"300\" data-srcset=\"https:\/\/www.caririemacao.com\/1\/wp-content\/uploads\/2017\/04\/natan4-300x300.jpg 300w, https:\/\/www.caririemacao.com\/1\/wp-content\/uploads\/2017\/04\/natan4-150x150.jpg 150w, https:\/\/www.caririemacao.com\/1\/wp-content\/uploads\/2017\/04\/natan4.jpg 540w\" data-sizes=\"(max-width: 300px) 100vw, 300px\" src=\"data:image\/svg+xml;base64,PHN2ZyB3aWR0aD0iMSIgaGVpZ2h0PSIxIiB4bWxucz0iaHR0cDovL3d3dy53My5vcmcvMjAwMC9zdmciPjwvc3ZnPg==\" style=\"--smush-placeholder-width: 300px; --smush-placeholder-aspect-ratio: 300\/300;\" \/><\/a><\/p>\n<p><strong>CARIRI EM A\u00c7\u00c3O<\/strong><\/p>\n<p>Leia mais not\u00edcias em\u00a0<a href=\"http:\/\/www.caririemacao.com\/\">caririemacao.com<\/a>, siga nossa p\u00e1gina no<a href=\"https:\/\/www.facebook.com\/CaririEmAcao\/\">\u00a0Facebook<\/a>\u00a0e\u00a0<a href=\"https:\/\/www.instagram.com\/cariri_em_acao\/?hl=pt-br\">Instagram<\/a>\u00a0veja nossas mat\u00e9rias e fotos. Voc\u00ea tamb\u00e9m pode enviar informa\u00e7\u00f5es \u00e0 Reda\u00e7\u00e3o do Portal Cariri em A\u00e7\u00e3o pelo WhatsApp (83) 9 9634.5791, (83) 9 9601-1162.<\/p>\n","protected":false},"excerpt":{"rendered":"<p>Trata-se do jovem Natan Caetano Pereira, de 26 anos de idade. Natan foi encontrado morto, j\u00e1 em estado de decomposi\u00e7\u00e3o, pr\u00f3ximo s\u00edtio Riacho dos Pil\u00f5es,&hellip; <\/p>\n","protected":false},"author":2,"featured_media":17940,"comment_status":"closed","ping_status":"closed","sticky":false,"template":"","format":"standard","meta":{"sfsi_plus_gutenberg_text_before_share":"","sfsi_plus_gutenberg_show_text_before_share":"","sfsi_plus_gutenberg_icon_type":"","sfsi_plus_gutenberg_icon_alignemt":"","sfsi_plus_gutenburg_max_per_row":"","footnotes":""},"categories":[12],"tags":[],"class_list":["post-17935","post","type-post","status-publish","format-standard","has-post-thumbnail","hentry","category-policia"],"_links":{"self":[{"href":"https:\/\/www.caririemacao.com\/1\/wp-json\/wp\/v2\/posts\/17935","targetHints":{"allow":["GET"]}}],"collection":[{"href":"https:\/\/www.caririemacao.com\/1\/wp-json\/wp\/v2\/posts"}],"about":[{"href":"https:\/\/www.caririemacao.com\/1\/wp-json\/wp\/v2\/types\/post"}],"author":[{"embeddable":true,"href":"https:\/\/www.caririemacao.com\/1\/wp-json\/wp\/v2\/users\/2"}],"replies":[{"embeddable":true,"href":"https:\/\/www.caririemacao.com\/1\/wp-json\/wp\/v2\/comments?post=17935"}],"version-history":[{"count":0,"href":"https:\/\/www.caririemacao.com\/1\/wp-json\/wp\/v2\/posts\/17935\/revisions"}],"wp:featuredmedia":[{"embeddable":true,"href":"https:\/\/www.caririemacao.com\/1\/wp-json\/wp\/v2\/media\/17940"}],"wp:attachment":[{"href":"https:\/\/www.caririemacao.com\/1\/wp-json\/wp\/v2\/media?parent=17935"}],"wp:term":[{"taxonomy":"category","embeddable":true,"href":"https:\/\/www.caririemacao.com\/1\/wp-json\/wp\/v2\/categories?post=17935"},{"taxonomy":"post_tag","embeddable":true,"href":"https:\/\/www.caririemacao.com\/1\/wp-json\/wp\/v2\/tags?post=17935"}],"curies":[{"name":"wp","href":"https:\/\/api.w.org\/{rel}","templated":true}]}}