{"id":179350,"date":"2020-07-17T23:28:34","date_gmt":"2020-07-18T02:28:34","guid":{"rendered":"https:\/\/www.caririemacao.com\/1\/?p=179350"},"modified":"2020-07-18T06:11:54","modified_gmt":"2020-07-18T09:11:54","slug":"prefeitura-de-camalau-emite-nota-de-pesar-pelo-falecimento-do-ex-prefeito-claudio-chaves","status":"publish","type":"post","link":"https:\/\/www.caririemacao.com\/1\/2020\/07\/17\/prefeitura-de-camalau-emite-nota-de-pesar-pelo-falecimento-do-ex-prefeito-claudio-chaves\/","title":{"rendered":"Prefeitura de Camala\u00fa emite Nota de Pesar pelo falecimento do ex-prefeito Cl\u00e1udio Chaves"},"content":{"rendered":"\n<p>A Prefeitura Municipal de Camala\u00fa emitiu na noite desta sexta-feira 17, um nota de pesar pelo falecimento do ex-prefeito do munic\u00edpio, Cl\u00e1udio Chaves.<\/p>\n\n\n\n<p>Na nota, o prefeito Sandro M\u00f4co se solidariza com a not\u00edcia sobre a morte do ex-gestor municipal.<\/p>\n\n\n\n<p>&#8220;O senhor Cl\u00e1udio Chaves deixa um legado como homem p\u00fablico, cidad\u00e3o, pai de fam\u00edlia e acima de tudo, um grande amigo&#8221;, destacou o prefeito.<\/p>\n\n\n\n<p>Sandro M\u00f4co fez quest\u00e3o de destacar a grande contribui\u00e7\u00e3o que Cl\u00e1udio Chaves deu para o munic\u00edpio de Camala\u00fa.<\/p>\n","protected":false},"excerpt":{"rendered":"<p>A Prefeitura Municipal de Camala\u00fa emitiu na noite desta sexta-feira 17, um nota de pesar pelo falecimento do ex-prefeito do munic\u00edpio, Cl\u00e1udio Chaves. Na nota,&hellip; <\/p>\n","protected":false},"author":2,"featured_media":179354,"comment_status":"closed","ping_status":"closed","sticky":false,"template":"","format":"standard","meta":{"sfsi_plus_gutenberg_text_before_share":"","sfsi_plus_gutenberg_show_text_before_share":"","sfsi_plus_gutenberg_icon_type":"","sfsi_plus_gutenberg_icon_alignemt":"","sfsi_plus_gutenburg_max_per_row":"","footnotes":""},"categories":[71,50],"tags":[],"class_list":["post-179350","post","type-post","status-publish","format-standard","has-post-thumbnail","hentry","category-camalau","category-destaque"],"_links":{"self":[{"href":"https:\/\/www.caririemacao.com\/1\/wp-json\/wp\/v2\/posts\/179350","targetHints":{"allow":["GET"]}}],"collection":[{"href":"https:\/\/www.caririemacao.com\/1\/wp-json\/wp\/v2\/posts"}],"about":[{"href":"https:\/\/www.caririemacao.com\/1\/wp-json\/wp\/v2\/types\/post"}],"author":[{"embeddable":true,"href":"https:\/\/www.caririemacao.com\/1\/wp-json\/wp\/v2\/users\/2"}],"replies":[{"embeddable":true,"href":"https:\/\/www.caririemacao.com\/1\/wp-json\/wp\/v2\/comments?post=179350"}],"version-history":[{"count":1,"href":"https:\/\/www.caririemacao.com\/1\/wp-json\/wp\/v2\/posts\/179350\/revisions"}],"predecessor-version":[{"id":179352,"href":"https:\/\/www.caririemacao.com\/1\/wp-json\/wp\/v2\/posts\/179350\/revisions\/179352"}],"wp:featuredmedia":[{"embeddable":true,"href":"https:\/\/www.caririemacao.com\/1\/wp-json\/wp\/v2\/media\/179354"}],"wp:attachment":[{"href":"https:\/\/www.caririemacao.com\/1\/wp-json\/wp\/v2\/media?parent=179350"}],"wp:term":[{"taxonomy":"category","embeddable":true,"href":"https:\/\/www.caririemacao.com\/1\/wp-json\/wp\/v2\/categories?post=179350"},{"taxonomy":"post_tag","embeddable":true,"href":"https:\/\/www.caririemacao.com\/1\/wp-json\/wp\/v2\/tags?post=179350"}],"curies":[{"name":"wp","href":"https:\/\/api.w.org\/{rel}","templated":true}]}}