{"id":179359,"date":"2020-07-18T06:53:37","date_gmt":"2020-07-18T09:53:37","guid":{"rendered":"https:\/\/www.caririemacao.com\/1\/?p=179359"},"modified":"2020-07-18T06:53:37","modified_gmt":"2020-07-18T09:53:37","slug":"confira-as-datas-dos-novos-pagamentos-do-auxilio-emergencial","status":"publish","type":"post","link":"https:\/\/www.caririemacao.com\/1\/2020\/07\/18\/confira-as-datas-dos-novos-pagamentos-do-auxilio-emergencial\/","title":{"rendered":"Confira as datas dos novos pagamentos do aux\u00edlio emergencial"},"content":{"rendered":"\n<h1 class=\"wp-block-heading\"><\/h1>\n\n\n\n<p>A portaria publicada na edi\u00e7\u00e3o de hoje (17) do Di\u00e1rio Oficial da Uni\u00e3o define calend\u00e1rio para novos pagamentos do aux\u00edlio emergencial.<\/p>\n\n\n\n<p>De acordo com a portaria, o p\u00fablico benefici\u00e1rio do aux\u00edlio emergencial passa a receber conforme ciclos de cr\u00e9ditos em poupan\u00e7a social digital da Caixa.<\/p>\n\n\n\n<p>Os saques em esp\u00e9cie ou transfer\u00eancias tamb\u00e9m seguir\u00e3o calend\u00e1rio definido por m\u00eas de nascimento.<\/p>\n\n\n\n<p>Primeiro ciclo<br>O p\u00fablico benefici\u00e1rio do aux\u00edlio emergencial que tenha recebido a primeira parcela em abril de 2020, receber\u00e1 o cr\u00e9dito da quarta parcela em poupan\u00e7a social digital aberta em seu nome, de 22 de julho a 26 de agosto, conforme o m\u00eas de nascimento.<\/p>\n\n\n\n<p>Assim, nascidos em janeiro recebem no dia 22; em fevereiro, em 24 de julho; em mar\u00e7o, 29 de julho; em abril, 31 de julho; em maio, 5 de agosto; em junho, 7 de agosto; em julho, 12 de agosto; em agosto, 14 de agosto; em setembro, 17 de agosto; em outubro, 19 de agosto; em novembro, 21 de agosto; e em dezembro, 26 de agosto. O saque em dinheiro ser\u00e1 entre os dias 25 de julho e 17 de setembro.<\/p>\n\n\n\n<p>Os benefici\u00e1rios que tenham recebido a primeira parcela em maio de 2020 receber\u00e3o o cr\u00e9dito da terceira parcela em poupan\u00e7a social digital seguindo o mesmo cronograma acima.<\/p>\n\n\n\n<p>Esse cronograma tamb\u00e9m ser\u00e1 v\u00e1lido para os benefici\u00e1rios que receberam a primeira parcela em junho de 2020 ou at\u00e9 4 de julho de 2020. Nesse caso, ser\u00e1 feito o cr\u00e9dito da segunda parcela.<\/p>\n\n\n\n<p>E quem ainda n\u00e3o recebeu a primeira parcela, tamb\u00e9m receber\u00e1 o cr\u00e9dito conforme esse cronograma.<\/p>\n\n\n\n<p>Esse \u00e9 o caso dos benefici\u00e1rios que tenham se cadastrado no programa entre os dias 17 de junho a 02 de julho de 2020.<\/p>\n\n\n\n<h4 class=\"wp-block-heading\"><strong>Ciclo 1&nbsp;<\/strong><\/h4>\n\n\n\n<figure class=\"wp-block-table\"><table><thead><tr><th scope=\"col\">M\u00eas de nascimento<\/th><th scope=\"col\">N\u00ba de beneficiados<\/th><th scope=\"col\">Dia do cr\u00e9dito<\/th><th scope=\"col\">Data para saque em esp\u00e9cie<\/th><\/tr><\/thead><tbody><tr><td>janeiro<\/td><td>3,8 milh\u00f5es de pessoas<\/td><td>22 de julho<\/td><td>25 de julho<\/td><\/tr><tr><td>fevereiro<\/td><td>3,5 milh\u00f5es de pessoas<\/td><td>24 de julho<\/td><td>01 de agosto<\/td><\/tr><tr><td>mar\u00e7o<\/td><td>3,9 milh\u00f5es de pessoas<\/td><td>29 de julho<\/td><td>01 de agosto<\/td><\/tr><tr><td>abril<\/td><td>3,8 milh\u00f5es de pessoas<\/td><td>05 de agosto<\/td><td>08 de agosto<\/td><\/tr><tr><td>maio<\/td><td>3,9 milh\u00f5es de pessoas<\/td><td>05 de agosto<\/td><td>13 de agosto<\/td><\/tr><tr><td>junho<\/td><td>3,9 milh\u00f5es de pessoas<\/td><td>07 de agosto<\/td><td>22 de agosto<\/td><\/tr><tr><td>julho<\/td><td>3,8 milh\u00f5es de pessoas<\/td><td>12 de agosto<\/td><td>27 de agosto<\/td><\/tr><tr><td>agosto<\/td><td>3,9 milh\u00f5es de pessoas<\/td><td>14 de agosto<\/td><td>1\u00ba de setembro<\/td><\/tr><tr><td>setembro<\/td><td>3,9 milh\u00f5es de pessoas<\/td><td>17 de agosto<\/td><td>05 de setembro<\/td><\/tr><tr><td>outubro<\/td><td>3,9 milh\u00f5es de pessoas<\/td><td>19 de agosto<\/td><td>12 de setembro<\/td><\/tr><tr><td>novembro<\/td><td>3,7 milh\u00f5es de pessoas<\/td><td>21 de agosto<\/td><td>12 de setembro<\/td><\/tr><tr><td>dezembro<\/td><td>3,7 milh\u00f5es de pessoas<\/td><td>26 de agosto<\/td><td>17 de setembro<\/td><\/tr><\/tbody><\/table><\/figure>\n\n\n\n<p><strong>Segundo Ciclo<\/strong><br>Os benefici\u00e1rios que receberam a primeira parcela em abril, ter\u00e1 o cr\u00e9dito da quinta parcela de acordo com o seguinte calend\u00e1rio: nascidos em janeiro, 28 de agosto; em fevereiro, 2 de setembro; em mar\u00e7o, 4 de setembro; em abril, 9 de setembro; em maio, 11 de setembro; em junho, 16 de setembro; em julho, 18 de setembro; em agosto, 23 de setembro; em setembro, 25 de setembro; em novembro e outubro, 28 de setembro; e em dezembro, 30 de setembro. O calend\u00e1rio de saques ser\u00e1 entre 19 de setembro e 27 de outubro.<\/p>\n\n\n\n<p>Tamb\u00e9m seguem esse cronograma: benefici\u00e1rios que receberam a primeira parcela em maio de 2020, receber\u00e3o o cr\u00e9dito da quarta parcela nessas datas; benefici\u00e1rios que receberam a primeira parcela em junho, recebem a terceira parcela; benefici\u00e1rios que receberam a primeira parcela em julho, receber\u00e3o o cr\u00e9dito da segunda parcela.<\/p>\n\n\n\n<h4 class=\"wp-block-heading\"><strong>Ciclo 2&nbsp;<\/strong><\/h4>\n\n\n\n<figure class=\"wp-block-table\"><table><thead><tr><th scope=\"col\">M\u00eas de nascimento<\/th><th scope=\"col\">N\u00ba de beneficiados<\/th><th scope=\"col\">Dia do cr\u00e9dito<\/th><th scope=\"col\">Data para saque em esp\u00e9cie<\/th><\/tr><\/thead><tbody><tr><td>janeiro<\/td><td>3,8 milh\u00f5es de pessoas<\/td><td>28 de agosto<\/td><td>19 de setembro<\/td><\/tr><tr><td>fevereiro<\/td><td>3,5 milh\u00f5es de pessoas<\/td><td>02 de setembro<\/td><td>22 de setembro<\/td><\/tr><tr><td>mar\u00e7o<\/td><td>3,9 milh\u00f5es de pessoas<\/td><td>04 de setembro<\/td><td>29 de setembro<\/td><\/tr><tr><td>abril<\/td><td>3,8 milh\u00f5es de pessoas<\/td><td>09 de setembro<\/td><td>01 de outubro<\/td><\/tr><tr><td>maio<\/td><td>3,9 milh\u00f5es de pessoas<\/td><td>11 de setembro<\/td><td>03 de outubro<\/td><\/tr><tr><td>junho<\/td><td>3,9 milh\u00f5es de pessoas<\/td><td>16 de setembro<\/td><td>06 de outubro<\/td><\/tr><tr><td>julho<\/td><td>3,8 milh\u00f5es de pessoas<\/td><td>18 de setembro<\/td><td>08 de outubro<\/td><\/tr><tr><td>agosto<\/td><td>3,9 milh\u00f5es de pessoas<\/td><td>23 de setembro<\/td><td>13 de outubro<\/td><\/tr><tr><td>setembro<\/td><td>3,9 milh\u00f5es de pessoas<\/td><td>25 de setembro<\/td><td>15 de outubro<\/td><\/tr><tr><td>outubro<\/td><td>3,9 milh\u00f5es de pessoas<\/td><td>28 de setembro<\/td><td>20 de outubro<\/td><\/tr><tr><td>novembro<\/td><td>3,7 milh\u00f5es de pessoas<\/td><td>28 de setembro<\/td><td>22 de outubro<\/td><\/tr><tr><td>dezembro<\/td><td>3,7 milh\u00f5es de pessoas<\/td><td>30 de setembro<\/td><td>27 de outubro<\/td><\/tr><\/tbody><\/table><\/figure>\n\n\n\n<p><strong>Terceiro Ciclo<\/strong><br>Os benefici\u00e1rios que tenham recebido a primeira parcela em maio de 2020 receber\u00e3o o cr\u00e9dito da quinta parcela em poupan\u00e7a social digital em: 9 de outubro, para nascidos em janeiro e em fevereiro; 16 de outubro, nascidos em mar\u00e7o e abril; 23 de outubro, nascidos em maio e junho; 30 de outubro, nascidos em julho e agosto; 6 de novembro, nascidos em setembro e outubro; e em 13 de novembro, nascidos em novembro e dezembro. O saque em dinheiro ser\u00e1 entre os dias 29 de outubro e 19 de novembro.<\/p>\n\n\n\n<p>O calend\u00e1rio ser\u00e1 v\u00e1lido para: benefici\u00e1rio que recebeu a primeira parcela em junho e receber\u00e1 a quarta parcela; benefici\u00e1rio que tenha recebido a primeira parcela em julho de 2020 e receber\u00e1 o cr\u00e9dito da terceira parcela.<\/p>\n\n\n\n<h4 class=\"wp-block-heading\"><strong>Ciclo 3&nbsp;<\/strong><\/h4>\n\n\n\n<figure class=\"wp-block-table\"><table><thead><tr><th scope=\"col\">M\u00eas de nascimento<\/th><th scope=\"col\">N\u00ba de beneficiados<\/th><th scope=\"col\">Dia do cr\u00e9dito<\/th><th scope=\"col\">Data para saque em esp\u00e9cie (app\/site e Cad\u00danico)<\/th><\/tr><\/thead><tbody><tr><td>janeiro e fevereiro<\/td><td>2,4 milh\u00f5es de pessoas<\/td><td>09 de outubro<\/td><td>29 de outubro<\/td><\/tr><tr><td>mar\u00e7o e abril<\/td><td>2,5 milh\u00f5es de pessoas<\/td><td>16 de outubro<\/td><td>03 de novembro<\/td><\/tr><tr><td>maio e junho<\/td><td>2,5 milh\u00f5es de pessoas<\/td><td>23 de outubro<\/td><td>10 de novembro<\/td><\/tr><tr><td>julho e agosto<\/td><td>2,5 milh\u00f5es de pessoas<\/td><td>30 de outubro<\/td><td>12 de novembro<\/td><\/tr><tr><td>setembro e outubro<\/td><td>3,9 milh\u00f5es de pessoas<\/td><td>06 de novembro<\/td><td>17 de novembro<\/td><\/tr><tr><td>novembro e dezembro<\/td><td>3,9 milh\u00f5es de pessoas<\/td><td>13 de novembro<\/td><td>19 de novembro<\/td><\/tr><\/tbody><\/table><\/figure>\n\n\n\n<p><strong>Quarto ciclo<\/strong><br>O p\u00fablico benefici\u00e1rio do aux\u00edlio emergencial que tenha recebido a primeira parcela em junho de 2020 receber\u00e1 o cr\u00e9dito da quinta parcela em poupan\u00e7a social digital em: 16 de novembro, para os nascidos em janeiro e fevereiro; em 18 de novembro, para nascidos em mar\u00e7o e abril; em 20 de novembro, em maio e junho; em 23 de novembro, em julho e agosto; em 27 de novembro, em setembro e outubro; em 30 de novembro, nascidos em novembro e dezembro. O saque ser\u00e1 entre os dias 26 de novembro e 15 de dezembro.<\/p>\n\n\n\n<p>O calend\u00e1rio tamb\u00e9m \u00e9 v\u00e1lido para os benefici\u00e1rios que receberam a primeira parcela em julho de 2020. Eles receber\u00e3o o cr\u00e9dito da quarta e quinta parcelas.<\/p>\n\n\n\n<h4 class=\"wp-block-heading\"><strong>Ciclo 4&nbsp;<\/strong><\/h4>\n\n\n\n<figure class=\"wp-block-table\"><table><thead><tr><th scope=\"col\">M\u00eas de nascimento<\/th><th scope=\"col\">N\u00ba de beneficiados<\/th><th scope=\"col\">Dia do cr\u00e9dito<\/th><th scope=\"col\">Data para saque em esp\u00e9cie (app\/site e Cad\u00danico)<\/th><\/tr><\/thead><tbody><tr><td>janeiro e fevereiro<\/td><td>1 milh\u00e3o de pessoas<\/td><td>16 de novembro<\/td><td>26 de novembro<\/td><\/tr><tr><td>mar\u00e7o e abril<\/td><td>1 milh\u00e3o de pessoas<\/td><td>18 de novembro<\/td><td>01 de dezembro<\/td><\/tr><tr><td>maio e junho<\/td><td>1,1 milh\u00e3o de pessoas<\/td><td>20 de novembro<\/td><td>03 de dezembro<\/td><\/tr><tr><td>julho e agosto<\/td><td>1,1 milh\u00e3o de pessoas<\/td><td>23 de novembro<\/td><td>08 de dezembro<\/td><\/tr><tr><td>setembro e outubro<\/td><td>1 milh\u00e3o de pessoas<\/td><td>27 de novembro<\/td><td>10 de dezembro<\/td><\/tr><tr><td>novembro e dezembro<\/td><td>1 milh\u00e3o de pessoas<\/td><td>30 de novembro<\/td><td>15 de dezembro<\/td><\/tr><\/tbody><\/table><\/figure>\n","protected":false},"excerpt":{"rendered":"<p>A portaria publicada na edi\u00e7\u00e3o de hoje (17) do Di\u00e1rio Oficial da Uni\u00e3o define calend\u00e1rio para novos pagamentos do aux\u00edlio emergencial. De acordo com a&hellip; <\/p>\n","protected":false},"author":2,"featured_media":179360,"comment_status":"closed","ping_status":"closed","sticky":false,"template":"","format":"standard","meta":{"sfsi_plus_gutenberg_text_before_share":"","sfsi_plus_gutenberg_show_text_before_share":"","sfsi_plus_gutenberg_icon_type":"","sfsi_plus_gutenberg_icon_alignemt":"","sfsi_plus_gutenburg_max_per_row":"","footnotes":""},"categories":[2],"tags":[],"class_list":["post-179359","post","type-post","status-publish","format-standard","has-post-thumbnail","hentry","category-geral"],"_links":{"self":[{"href":"https:\/\/www.caririemacao.com\/1\/wp-json\/wp\/v2\/posts\/179359","targetHints":{"allow":["GET"]}}],"collection":[{"href":"https:\/\/www.caririemacao.com\/1\/wp-json\/wp\/v2\/posts"}],"about":[{"href":"https:\/\/www.caririemacao.com\/1\/wp-json\/wp\/v2\/types\/post"}],"author":[{"embeddable":true,"href":"https:\/\/www.caririemacao.com\/1\/wp-json\/wp\/v2\/users\/2"}],"replies":[{"embeddable":true,"href":"https:\/\/www.caririemacao.com\/1\/wp-json\/wp\/v2\/comments?post=179359"}],"version-history":[{"count":1,"href":"https:\/\/www.caririemacao.com\/1\/wp-json\/wp\/v2\/posts\/179359\/revisions"}],"predecessor-version":[{"id":179361,"href":"https:\/\/www.caririemacao.com\/1\/wp-json\/wp\/v2\/posts\/179359\/revisions\/179361"}],"wp:featuredmedia":[{"embeddable":true,"href":"https:\/\/www.caririemacao.com\/1\/wp-json\/wp\/v2\/media\/179360"}],"wp:attachment":[{"href":"https:\/\/www.caririemacao.com\/1\/wp-json\/wp\/v2\/media?parent=179359"}],"wp:term":[{"taxonomy":"category","embeddable":true,"href":"https:\/\/www.caririemacao.com\/1\/wp-json\/wp\/v2\/categories?post=179359"},{"taxonomy":"post_tag","embeddable":true,"href":"https:\/\/www.caririemacao.com\/1\/wp-json\/wp\/v2\/tags?post=179359"}],"curies":[{"name":"wp","href":"https:\/\/api.w.org\/{rel}","templated":true}]}}