{"id":179363,"date":"2020-07-18T06:59:14","date_gmt":"2020-07-18T09:59:14","guid":{"rendered":"https:\/\/www.caririemacao.com\/1\/?p=179363"},"modified":"2020-07-18T06:59:14","modified_gmt":"2020-07-18T09:59:14","slug":"veja-o-numero-de-novos-casos-de-covid-19-nas-ultimas-24-horas","status":"publish","type":"post","link":"https:\/\/www.caririemacao.com\/1\/2020\/07\/18\/veja-o-numero-de-novos-casos-de-covid-19-nas-ultimas-24-horas\/","title":{"rendered":"Veja o n\u00famero de novos casos de Covid-19 nas \u00faltimas 24 horas"},"content":{"rendered":"\n<h1 class=\"wp-block-heading\"><\/h1>\n\n\n\n<p>Nesta sexta-feira, 17, a Para\u00edba registrou 924 novos casos de Covid-19 e 28 \u00f3bitos confirmados desde a \u00faltima atualiza\u00e7\u00e3o, quatro deles ocorridos nas \u00faltimas 24h.<\/p>\n\n\n\n<p>De acordo com o boletim da Secretaria de Estado da Sa\u00fade (SES), s\u00e3o 66.347 pessoas que j\u00e1 contra\u00edram a doen\u00e7a, 24.390 que j\u00e1 se recuperaram e 1.446 faleceram.<\/p>\n\n\n\n<p>At\u00e9 o momento, 195.513 testes para diagn\u00f3stico da Covid-19 j\u00e1 foram realizados.<\/p>\n\n\n\n<p>A ocupa\u00e7\u00e3o total de leitos de UTI (adulto, pedi\u00e1trico e obst\u00e9trico) em todo o Estado \u00e9 de 50%. Fazendo um recorte apenas dos leitos de UTI para adultos na Regi\u00e3o Metropolitana de Jo\u00e3o Pessoa, a taxa de ocupa\u00e7\u00e3o chega a 55%.<\/p>\n\n\n\n<p>Em Campina Grande, est\u00e3o ocupados 46% dos leitos de UTI adulto e no Sert\u00e3o, 52% dos leitos de UTI para adultos.<\/p>\n\n\n\n<p>O \u00edndice de isolamento social foi de apenas 41,8%, considerado baixo em rela\u00e7\u00e3o \u00e0 meta de 70% e \u00e0 m\u00ednima de 50%.<\/p>\n\n\n\n<p>Os casos confirmados est\u00e3o distribu\u00eddos por 221 dos 223 munic\u00edpios paraibanos:<\/p>\n\n\n\n<p>\u00c1gua Branca (40); Aguiar (20); Alagoa Grande (632); Alagoa Nova (219); Alagoinha (619); Alcantil (26); Algod\u00e3o de Janda\u00edra (4); Alhandra (468); Amparo (13); Aparecida (41); Ara\u00e7agi (396); Arara (140); Araruna (176); Areia (219); Areia de Bara\u00fanas (7); Areial (37); Aroeiras (140); Assun\u00e7\u00e3o (31); Baia da Trai\u00e7\u00e3o (352); Bananeiras (108); Bara\u00fana (120); Barra de Santa Rosa (32); Barra de Santana (72); Barra de S\u00e3o Miguel (23);&nbsp;<strong>Bayeux (1.147)<\/strong>; Bel\u00e9m (547); Bel\u00e9m do Brejo do Cruz (16); Bernardino Batista (3); Boa Ventura (4); Boa Vista (61); Bom Jesus (8); Bom Sucesso (7); Bonito de Santa F\u00e9 (9); Boqueir\u00e3o (223); Borborema (7); Brejo do Cruz (177); Brejo dos Santos (15);<\/p>\n\n\n\n<p>Caapor\u00e3 (847); Cabaceiras (32);&nbsp;<strong>Cabedelo (2.117)<\/strong>; Cachoeira dos \u00cdndios (54); Cacimba de Areia (7); Cacimba de Dentro (102); Cacimbas (41); Cai\u00e7ara (317); Cajazeiras (948); Cajazeirinhas (4); Caldas Brand\u00e3o (129); Camala\u00fa (1);&nbsp;<strong>Campina Grande (8.835)<\/strong>; Capim (130); Cara\u00fabas (30); Carrapateira (28); Casserengue (168); Catingueira (15), Catol\u00e9 do Rocha (204); Caturit\u00e9 (64); Concei\u00e7\u00e3o (162); Condado (98); Conde (559); Congo (42); Coremas (74); Coxixola (16); Cruz do Esp\u00edrito Santo (246); Cubati (62); Cuit\u00e9 (129); Cuit\u00e9 de Mamanguape (83); Cuiteg\u00ed (226); Curral de Cima (19); Curral Velho (1), Dami\u00e3o (5); Desterro (43); Diamante (3); Dona In\u00eas (52); Duas Estradas (45);<\/p>\n\n\n\n<p>Emas (9); Esperan\u00e7a (344); Fagundes (66); Frei Martinho (5); Gado Bravo (77);&nbsp;<strong>Guarabira (2.871)<\/strong>; Gurinh\u00e9m (300); Gurj\u00e3o (19); Ibiara (18); Igaracy (4); Imaculada (26); Ing\u00e1 (633); Itabaiana (885); Itaporanga (69); Itapororoca (394); Itatuba (228); Jacara\u00fa (184); Jeric\u00f3 (5); Jo\u00e3o Pessoa (17.579); Joca Claudino (2); Juarez T\u00e1vora (226); Juazeirinho (132); Junco do Serid\u00f3 (32); Juripiranga (344); Juru (16); Lagoa (4); Lagoa de Dentro (68); Lagoa Seca (509); Lastro (15); Livramento (55); Logradouro (110); Lucena (243); M\u00e3e d\u2019\u00c1gua (16); Malta (32);&nbsp;<strong>Mamanguape (1.741)<\/strong>; Mana\u00edra (9); Marca\u00e7\u00e3o (133); Mari (749); Mariz\u00f3polis (10); Massaranduba (241); Mataraca (125); Matinhas (60); Mato Grosso (9); Matureia (25); Mogeiro (111); Montadas (35); Monte Horebe (1); Monteiro (171); Mulungu (249);<\/p>\n\n\n\n<p>Natuba (47); Nazarezinho (12); Nova Floresta (34), Nova Olinda (9); Nova Palmeira (40); Olho D\u00b4\u00c1gua (36); Olivedos (50); Parari (5); Passagem (30);&nbsp;<strong>Patos (2.127)<\/strong>; Paulista (78); Pedra Branca (1); Pedra Lavrada (30);&nbsp;<strong>Pedras de Fogo (1.122)<\/strong>; Pedro R\u00e9gis (34); Pianc\u00f3 (101); Picu\u00ed (141); Pilar (219); Pil\u00f5es (52); Pil\u00f5ezinhos (193); Pirpirituba (168); Pitimbu (550); Pocinhos (78); Po\u00e7o Dantas (4); Po\u00e7o de Jos\u00e9 Moura (2); Pombal (232); Prata (3); Princesa Isabel (48); Puxinan\u00e3 (217); Queimadas (715); Quixaba (26); Rem\u00edgio (192); Riach\u00e3o (41); Riach\u00e3o do Bacamarte (199); Riach\u00e3o do Po\u00e7o (58); Riacho de Santo Ant\u00f4nio (20); Riacho dos Cavalos (6); Rio Tinto (752);<\/p>\n\n\n\n<p>Salgadinho (12); Salgado de S\u00e3o Felix (151); Santa Cec\u00edlia (48); Santa Cruz (15); Santa Helena (12); Santa In\u00eas (29); Santa Luzia (186);&nbsp;<strong>Santa Rita (1.739)<\/strong>; Santa Terezinha (46); Santana de Mangueira (5); Santana dos Garrotes (10); Santo Andr\u00e9 (10); S\u00e3o Bentinho (34); S\u00e3o Bento (872); S\u00e3o Domingos do Cariri (33); S\u00e3o Francisco (21); S\u00e3o Jo\u00e3o do Cariri (63); S\u00e3o Jo\u00e3o do Rio do Peixe (117); S\u00e3o Jo\u00e3o do Tigre (5); S\u00e3o Jos\u00e9 da Lagoa Tapada (34); S\u00e3o Jos\u00e9 de Caiana (32); S\u00e3o Jos\u00e9 de Espinharas (12); S\u00e3o Jos\u00e9 de Piranhas (82); S\u00e3o Jos\u00e9 de Princesa (1); S\u00e3o Jos\u00e9 do Bonfim (53); S\u00e3o Jos\u00e9 do Brejo do Cruz (5);<\/p>\n\n\n\n<p>S\u00e3o Jos\u00e9 do Sabugi (182); S\u00e3o Jos\u00e9 dos Cordeiros (10); S\u00e3o Jos\u00e9 dos Ramos (159); S\u00e3o Mamede (35); S\u00e3o Miguel de Taipu (90); S\u00e3o Sebasti\u00e3o de Lagoa de Ro\u00e7a (158); S\u00e3o Sebasti\u00e3o do Umbuzeiro (5); S\u00e3o Vicente do Serid\u00f3 (41); Sap\u00e9 (705); Serra Branca (107); Serra da Ra\u00edz (14); Serra Grande (8); Serra Redonda (166); Serraria (72); Sert\u00e3ozinho (82); Sobrado (133); Sol\u00e2nea (231); Soledade (107); Sossego (8), Sousa (876); Sum\u00e9 (125); Tacima (92); Tapero\u00e1 (53); Tavares (45); Teixeira (105); Ten\u00f3rio (13); Triunfo (25); Uira\u00fana (31); Umbuzeiro (58); V\u00e1rzea (9); Vieir\u00f3polis (4); Vista Serrana (3), Zabel\u00ea (10).<\/p>\n\n\n\n<p>*Dados oficiais preliminares (fonte: SIM,e-sus VE e SIVEP) extra\u00eddos \u00e0s 10h do dia 17\/07, sujeitos a altera\u00e7\u00e3o por parte dos munic\u00edpios.<\/p>\n\n\n\n<p>Dos 28 \u00f3bitos registrados, 17,85% ocorreram nas \u00faltimas 48h e 82,15% entre os dias 14 de maio e 14 de julho:<\/p>\n\n\n\n<p>Homem, 56 anos, residente em Alagoa Grande. In\u00edcio dos sintomas em 20\/06\/2020. Portador de doen\u00e7a renal. Foi a \u00f3bito em hospital p\u00fablico no dia 02\/07\/2020.<\/p>\n\n\n\n<p>Homem, 91 anos, residente em Bayeux. Sem comorbidade. In\u00edcio dos sintomas em 10\/07\/2020. Foi a \u00f3bito em hospital p\u00fablico no dia 15\/07\/2020.<\/p>\n\n\n\n<p>Homem, 82 anos, residente em Caapor\u00e3. Diab\u00e9tico e portador de doen\u00e7a renal. In\u00edcio dos sintomas em 18\/06\/2020. Foi a \u00f3bito em hospital p\u00fablico no dia 02\/07\/2020.<\/p>\n\n\n\n<p>Mulher, 88 anos, residente em Cabedelo. In\u00edcio dos sintomas em 28\/05\/2020. Portadora de doen\u00e7a neurol\u00f3gica e diab\u00e9tica. Foi a \u00f3bito em resid\u00eancia no dia 15\/06\/2020.<\/p>\n\n\n\n<p>Mulher, 92 anos, residente em Cabedelo. In\u00edcio dos sintomas em 16\/06\/2020. Hipertensa. Foi a \u00f3bito em hospital p\u00fablico no dia 21\/06\/2020.<\/p>\n\n\n\n<p>Mulher, 90 anos, residente em Campina Grande. In\u00edcio dos sintomas em 09\/05\/2020. Cardiopata e portadora de doen\u00e7a neurol\u00f3gica. Foi a \u00f3bito em hospital p\u00fablico no dia 04\/06\/2020.<\/p>\n\n\n\n<p>Homem, 69 anos, residente em Campina Grande. Diab\u00e9tico. In\u00edcio dos sintomas em 18\/05\/2020. Foi a \u00f3bito em hospital p\u00fablico no dia 02\/06\/2020.<\/p>\n\n\n\n<p>Homem, 59 anos, residente em Campina Grande. Diab\u00e9tico. In\u00edcio dos sintomas em 27\/05\/2020. Foi a \u00f3bito em hospital p\u00fablico no dia 19\/06\/2020.<\/p>\n\n\n\n<p>Mulher, 51 anos, residente em Campina Grande. In\u00edcio dos sintomas em 12\/05\/2020. Sem comorbidade. Foi a \u00f3bito em hospital p\u00fablico no dia 27\/05\/2020.<\/p>\n\n\n\n<p>Mulher, 85 anos, residente em Campina Grande. In\u00edcio dos sintomas em 03\/05\/2020. Cardiopata, portadora de doen\u00e7a neurol\u00f3gica e de doen\u00e7a respirat\u00f3ria. Foi a \u00f3bito em hospital p\u00fablico no dia 29\/05\/2020.<\/p>\n\n\n\n<p>Homem, 85 anos, residente em Campina Grande. In\u00edcio dos sintomas em 08\/07\/2020. Sem comorbidade. Foi a \u00f3bito em hospital p\u00fablico no dia 14\/07\/2020.<\/p>\n\n\n\n<p>Homem, 73 anos, residente em Cruz do Esp\u00edrito Santo. In\u00edcio dos sintomas em 03\/07\/2020. Cardiopata. Foi a \u00f3bito em hospital p\u00fablico no dia 11\/07\/2020.<\/p>\n\n\n\n<p>Homem, 86 anos, residente em Cubati. In\u00edcio dos sintomas em 14\/05\/2020. Cardiopata e portador de doen\u00e7a neurol\u00f3gica. Foi a \u00f3bito em hospital p\u00fablico no dia 28\/05\/2020.<\/p>\n\n\n\n<p>Menina, 06 anos, residente em Itabaiana. In\u00edcio dos sintomas em 04\/07\/2020. Sem comorbidade. Foi a \u00f3bito em hospital p\u00fablico no dia 09\/07\/2020.<\/p>\n\n\n\n<p>Mulher, 81 anos, residente em Jo\u00e3o Pessoa. Sem comorbidade. In\u00edcio dos sintomas em 14\/05\/2020 e foi a \u00f3bito no mesmo dia, em hospital p\u00fablico.<\/p>\n\n\n\n<p>Homem, 70 anos, residente em Jo\u00e3o Pessoa. In\u00edcio dos sintomas em 22\/05\/2020. Cardiopata e diab\u00e9tico. Foi a \u00f3bito em hospital p\u00fablico no dia 07\/06\/2020.<\/p>\n\n\n\n<p>Mulher, 61 anos, residente em Jo\u00e3o Pessoa. Diab\u00e9tica e portadora de doen\u00e7a respirat\u00f3ria, com in\u00edcio dos sintomas em 17\/06\/2020. Foi a \u00f3bito em hospital p\u00fablico no dia 04\/07\/2020.<\/p>\n\n\n\n<p>Mulher, 74 anos, residente em Jo\u00e3o Pessoa. Diab\u00e9tica e cardiopata, com in\u00edcio dos sintomas em 15\/06\/2020. Foi a \u00f3bito em hospital p\u00fablico no dia 05\/07\/2020.<\/p>\n\n\n\n<p>Homem, 76 anos, residente em Jo\u00e3o Pessoa. Diab\u00e9tico e portador de doen\u00e7a respirat\u00f3ria, com in\u00edcio dos sintomas em 15\/05\/2020. Foi a \u00f3bito em hospital p\u00fablico no dia 03\/07\/2020.<\/p>\n\n\n\n<p>Mulher, 80 anos, residente em Jo\u00e3o Pessoa. Diab\u00e9tico e portador de doen\u00e7a neurol\u00f3gica, com in\u00edcio dos sintomas em 06\/06\/2020. Foi a \u00f3bito em resid\u00eancia no dia 16\/07\/2020.<\/p>\n\n\n\n<p>Homem, 95 anos, residente em Jo\u00e3o Pessoa. Sem informa\u00e7\u00e3o de comorbidade. In\u00edcio dos sintomas em 10\/07\/2020 e foi a \u00f3bito em hospital p\u00fablico no dia 14\/07\/2020.<\/p>\n\n\n\n<p>Homem, 73 anos, residente em Jo\u00e3o Pessoa. Diab\u00e9tico e cardiopata. In\u00edcio dos sintomas em 05\/06\/2020 e foi a \u00f3bito em hospital privado no dia 17\/06\/2020.<\/p>\n\n\n\n<p>Mulher, 91 anos, residente em Jo\u00e3o Pessoa. Hipertensa e cardiopata. In\u00edcio dos sintomas em 13\/07\/2020 e foi a \u00f3bito em resid\u00eancia, no mesmo dia.<\/p>\n\n\n\n<p>Homem, 53 anos, residente em Mari. Diab\u00e9tico, hipertenso e portador de doen\u00e7a hep\u00e1tica. In\u00edcio dos sintomas em 01\/07\/2020 e foi a \u00f3bito em hospital p\u00fablico no dia 14\/07\/2020.<\/p>\n\n\n\n<p>Homem, 67 anos, residente em Natuba. Sem comorbidade. In\u00edcio dos sintomas em 28\/05\/2020 e foi a \u00f3bito em hospital publico no dia 04\/07\/2020.<\/p>\n\n\n\n<p>Mulher, 81 anos, residente em Patos. Hipertensa e diab\u00e9tica. In\u00edcio dos sintomas em 25\/06\/2020. Foi a \u00f3bito em hospital p\u00fablico no dia 16\/07\/2020.<\/p>\n\n\n\n<p>Mulher, 83 anos, residente em Sousa. Cardiopata e diab\u00e9tica. In\u00edcio dos sintomas em 27\/06\/2020. Foi a \u00f3bito em hospital p\u00fablico no dia 17\/07\/2020.<\/p>\n\n\n\n<p>Homem, 83 anos, residente em Triunfo. Portador de doen\u00e7a neurol\u00f3gica. In\u00edcio dos sintomas em 05\/07\/2020. Foi a \u00f3bito em hospital p\u00fablico no dia 17\/07\/2020.<\/p>\n\n\n\n<p>Os dados epidemiol\u00f3gicos e de ocupa\u00e7\u00e3o de leitos est\u00e3o dispon\u00edveis em&nbsp;<a href=\"http:\/\/www.paraiba.pb.gov.br\/coronavirus\">www.paraiba.pb.gov.br\/coronavirus<\/a><\/p>\n","protected":false},"excerpt":{"rendered":"<p>Nesta sexta-feira, 17, a Para\u00edba registrou 924 novos casos de Covid-19 e 28 \u00f3bitos confirmados desde a \u00faltima atualiza\u00e7\u00e3o, quatro deles ocorridos nas \u00faltimas 24h.&hellip; <\/p>\n","protected":false},"author":2,"featured_media":179364,"comment_status":"closed","ping_status":"closed","sticky":false,"template":"","format":"standard","meta":{"sfsi_plus_gutenberg_text_before_share":"","sfsi_plus_gutenberg_show_text_before_share":"","sfsi_plus_gutenberg_icon_type":"","sfsi_plus_gutenberg_icon_alignemt":"","sfsi_plus_gutenburg_max_per_row":"","footnotes":""},"categories":[2],"tags":[],"class_list":["post-179363","post","type-post","status-publish","format-standard","has-post-thumbnail","hentry","category-geral"],"_links":{"self":[{"href":"https:\/\/www.caririemacao.com\/1\/wp-json\/wp\/v2\/posts\/179363","targetHints":{"allow":["GET"]}}],"collection":[{"href":"https:\/\/www.caririemacao.com\/1\/wp-json\/wp\/v2\/posts"}],"about":[{"href":"https:\/\/www.caririemacao.com\/1\/wp-json\/wp\/v2\/types\/post"}],"author":[{"embeddable":true,"href":"https:\/\/www.caririemacao.com\/1\/wp-json\/wp\/v2\/users\/2"}],"replies":[{"embeddable":true,"href":"https:\/\/www.caririemacao.com\/1\/wp-json\/wp\/v2\/comments?post=179363"}],"version-history":[{"count":1,"href":"https:\/\/www.caririemacao.com\/1\/wp-json\/wp\/v2\/posts\/179363\/revisions"}],"predecessor-version":[{"id":179365,"href":"https:\/\/www.caririemacao.com\/1\/wp-json\/wp\/v2\/posts\/179363\/revisions\/179365"}],"wp:featuredmedia":[{"embeddable":true,"href":"https:\/\/www.caririemacao.com\/1\/wp-json\/wp\/v2\/media\/179364"}],"wp:attachment":[{"href":"https:\/\/www.caririemacao.com\/1\/wp-json\/wp\/v2\/media?parent=179363"}],"wp:term":[{"taxonomy":"category","embeddable":true,"href":"https:\/\/www.caririemacao.com\/1\/wp-json\/wp\/v2\/categories?post=179363"},{"taxonomy":"post_tag","embeddable":true,"href":"https:\/\/www.caririemacao.com\/1\/wp-json\/wp\/v2\/tags?post=179363"}],"curies":[{"name":"wp","href":"https:\/\/api.w.org\/{rel}","templated":true}]}}