{"id":179367,"date":"2020-07-18T07:03:31","date_gmt":"2020-07-18T10:03:31","guid":{"rendered":"https:\/\/www.caririemacao.com\/1\/?p=179367"},"modified":"2020-07-18T07:03:31","modified_gmt":"2020-07-18T10:03:31","slug":"covid-19-mais-de-1-100-mortes-no-brasil-nas-ultimas-24-horas","status":"publish","type":"post","link":"https:\/\/www.caririemacao.com\/1\/2020\/07\/18\/covid-19-mais-de-1-100-mortes-no-brasil-nas-ultimas-24-horas\/","title":{"rendered":"Covid-19: mais de 1.100 mortes no Brasil nas \u00faltimas 24 horas"},"content":{"rendered":"\n<h1 class=\"wp-block-heading\"><\/h1>\n\n\n\n<p>Os dados com o total de infectados e v\u00edtimas foram compilados pelo cons\u00f3rcio entre Folha de S.Paulo, O Estado de S. Paulo, Extra, O Globo, G1 e UOL, em balan\u00e7o divulgado \u00e0s 20h desta sexta-feira (17).<\/p>\n\n\n\n<p>O levantamento \u00e9 feito com a coleta de dados das secretarias de Sa\u00fade dos estados.<\/p>\n\n\n\n<p>Na \u00faltima semana, o Brasil registrou a sua maior m\u00e9dia m\u00f3vel de mortos com o novo coronav\u00edrus: 1.058. A m\u00e9dia m\u00f3vel \u00e9 um recurso estat\u00edstico que busca dar vis\u00e3o mais acurada da evolu\u00e7\u00e3o da doen\u00e7a, pois atenua n\u00fameros isolados que fujam do padr\u00e3o. Ela \u00e9 calculada somando o resultado dos \u00faltimos sete dias, dividindo por sete.<\/p>\n\n\n\n<p>A iniciativa do cons\u00f3rcio de ve\u00edculos de compilar e divulgar os dados sobre Covid-19 \u00e9 uma resposta a atitudes recentes do governo Jair Bolsonaro, que amea\u00e7ou sonegar dados, atrasou boletins, retirou informa\u00e7\u00f5es do ar, deixou de divulgar totais de casos e mortes e divulgou informa\u00e7\u00f5es conflitantes.<\/p>\n\n\n\n<p>Segundo pa\u00eds com mais v\u00edtimas na pandemia, o Brasil tem uma taxa de \u00f3bitos por habitantes mais baixa que a de outras na\u00e7\u00f5es. S\u00e3o 36 mortos por 100 mil habitantes.<\/p>\n\n\n\n<p>Os Estados Unidos, que t\u00eam o maior n\u00famero absoluto de \u00f3bitos, e o Reino Unido, terceiro no ranking, t\u00eam 42 e 67 mortos para cada 100 mil habitantes, respectivamente.<\/p>\n\n\n\n<p>A compara\u00e7\u00e3o com os outros pa\u00edses \u00e9 feita levando em considera\u00e7\u00e3o os dados consolidados pela Universidade Johns Hopkins, dos EUA. At\u00e9 esta sexta, a institui\u00e7\u00e3o contabilizava mais de 11 milh\u00f5es de casos do novo coronav\u00edrus em todo mundo e 536 mil mortes.<\/p>\n","protected":false},"excerpt":{"rendered":"<p>Os dados com o total de infectados e v\u00edtimas foram compilados pelo cons\u00f3rcio entre Folha de S.Paulo, O Estado de S. Paulo, Extra, O Globo,&hellip; <\/p>\n","protected":false},"author":2,"featured_media":179368,"comment_status":"closed","ping_status":"closed","sticky":false,"template":"","format":"standard","meta":{"sfsi_plus_gutenberg_text_before_share":"","sfsi_plus_gutenberg_show_text_before_share":"","sfsi_plus_gutenberg_icon_type":"","sfsi_plus_gutenberg_icon_alignemt":"","sfsi_plus_gutenburg_max_per_row":"","footnotes":""},"categories":[50,2],"tags":[],"class_list":["post-179367","post","type-post","status-publish","format-standard","has-post-thumbnail","hentry","category-destaque","category-geral"],"_links":{"self":[{"href":"https:\/\/www.caririemacao.com\/1\/wp-json\/wp\/v2\/posts\/179367","targetHints":{"allow":["GET"]}}],"collection":[{"href":"https:\/\/www.caririemacao.com\/1\/wp-json\/wp\/v2\/posts"}],"about":[{"href":"https:\/\/www.caririemacao.com\/1\/wp-json\/wp\/v2\/types\/post"}],"author":[{"embeddable":true,"href":"https:\/\/www.caririemacao.com\/1\/wp-json\/wp\/v2\/users\/2"}],"replies":[{"embeddable":true,"href":"https:\/\/www.caririemacao.com\/1\/wp-json\/wp\/v2\/comments?post=179367"}],"version-history":[{"count":1,"href":"https:\/\/www.caririemacao.com\/1\/wp-json\/wp\/v2\/posts\/179367\/revisions"}],"predecessor-version":[{"id":179369,"href":"https:\/\/www.caririemacao.com\/1\/wp-json\/wp\/v2\/posts\/179367\/revisions\/179369"}],"wp:featuredmedia":[{"embeddable":true,"href":"https:\/\/www.caririemacao.com\/1\/wp-json\/wp\/v2\/media\/179368"}],"wp:attachment":[{"href":"https:\/\/www.caririemacao.com\/1\/wp-json\/wp\/v2\/media?parent=179367"}],"wp:term":[{"taxonomy":"category","embeddable":true,"href":"https:\/\/www.caririemacao.com\/1\/wp-json\/wp\/v2\/categories?post=179367"},{"taxonomy":"post_tag","embeddable":true,"href":"https:\/\/www.caririemacao.com\/1\/wp-json\/wp\/v2\/tags?post=179367"}],"curies":[{"name":"wp","href":"https:\/\/api.w.org\/{rel}","templated":true}]}}