{"id":179371,"date":"2020-07-18T07:06:57","date_gmt":"2020-07-18T10:06:57","guid":{"rendered":"https:\/\/www.caririemacao.com\/1\/?p=179371"},"modified":"2020-07-18T07:06:57","modified_gmt":"2020-07-18T10:06:57","slug":"governador-comenta-crescimento-do-cidadania-no-estado","status":"publish","type":"post","link":"https:\/\/www.caririemacao.com\/1\/2020\/07\/18\/governador-comenta-crescimento-do-cidadania-no-estado\/","title":{"rendered":"Governador comenta crescimento do Cidadania no Estado"},"content":{"rendered":"\n<h1 class=\"wp-block-heading\"><\/h1>\n\n\n\n<p>O governador da Para\u00edba, Jo\u00e3o Azev\u00eado (Cidadania), contou, durante entrevista \u00e0 CBN, que quando filiou-se ao Cidadania houve diversas reuni\u00f5es com a dire\u00e7\u00e3o nacional e um dos assuntos discutidos foi o crescimento do partido no Estado dentro de um planejamento poss\u00edvel, .<\/p>\n\n\n\n<p>\u201cO partido tinha apenas um prefeito, o de Cuit\u00e9, e n\u00f3s fizemos o planejamento para que pud\u00e9ssemos chegar agora em 2020 participando de uma elei\u00e7\u00e3o com o maior n\u00famero poss\u00edvel de candidatos, entendendo a pr\u00f3pria limita\u00e7\u00e3o do tempo\u201d, ponderou.<\/p>\n\n\n\n<p>De acordo com ele, o crescimento foi realmente expressivo e hoje est\u00e3o filiados ao partido v\u00e1rios prefeitos, inclusive, boa parte deles indo para reelei\u00e7\u00e3o e outros apoiando nomes da base.<\/p>\n\n\n\n<p>No entanto, segundo Azev\u00eado, com a chegada da pandemia a discuss\u00e3o pol\u00edtica foi interrompida por um motivo maior.<\/p>\n\n\n\n<p>\u201cNos dedicamos e concentramos 100% do tempo no enfrentamento da covid-19\u201d, completou.<\/p>\n\n\n\n<p>Contudo, o partido que precisaria ter avan\u00e7ado mais em algumas cidades, n\u00e3o teve a oportunidade ainda, de acordo com o governador.<\/p>\n\n\n\n<p>\u201cExistem cidades que n\u00f3s teremos participa\u00e7\u00e3o na cabe\u00e7a de chapa com candidato, outras como vice. S\u00e3o 175 munic\u00edpios que estaremos participando, e outros com alian\u00e7as. Nem sempre \u00e9 poss\u00edvel ter um nome competitivo e a gente tem que fazer a coisa com muito crit\u00e9rio e p\u00e9 no ch\u00e3o\u201d, finalizou.<\/p>\n","protected":false},"excerpt":{"rendered":"<p>O governador da Para\u00edba, Jo\u00e3o Azev\u00eado (Cidadania), contou, durante entrevista \u00e0 CBN, que quando filiou-se ao Cidadania houve diversas reuni\u00f5es com a dire\u00e7\u00e3o nacional e&hellip; <\/p>\n","protected":false},"author":2,"featured_media":179372,"comment_status":"closed","ping_status":"closed","sticky":false,"template":"","format":"standard","meta":{"sfsi_plus_gutenberg_text_before_share":"","sfsi_plus_gutenberg_show_text_before_share":"","sfsi_plus_gutenberg_icon_type":"","sfsi_plus_gutenberg_icon_alignemt":"","sfsi_plus_gutenburg_max_per_row":"","footnotes":""},"categories":[2],"tags":[],"class_list":["post-179371","post","type-post","status-publish","format-standard","has-post-thumbnail","hentry","category-geral"],"_links":{"self":[{"href":"https:\/\/www.caririemacao.com\/1\/wp-json\/wp\/v2\/posts\/179371","targetHints":{"allow":["GET"]}}],"collection":[{"href":"https:\/\/www.caririemacao.com\/1\/wp-json\/wp\/v2\/posts"}],"about":[{"href":"https:\/\/www.caririemacao.com\/1\/wp-json\/wp\/v2\/types\/post"}],"author":[{"embeddable":true,"href":"https:\/\/www.caririemacao.com\/1\/wp-json\/wp\/v2\/users\/2"}],"replies":[{"embeddable":true,"href":"https:\/\/www.caririemacao.com\/1\/wp-json\/wp\/v2\/comments?post=179371"}],"version-history":[{"count":1,"href":"https:\/\/www.caririemacao.com\/1\/wp-json\/wp\/v2\/posts\/179371\/revisions"}],"predecessor-version":[{"id":179373,"href":"https:\/\/www.caririemacao.com\/1\/wp-json\/wp\/v2\/posts\/179371\/revisions\/179373"}],"wp:featuredmedia":[{"embeddable":true,"href":"https:\/\/www.caririemacao.com\/1\/wp-json\/wp\/v2\/media\/179372"}],"wp:attachment":[{"href":"https:\/\/www.caririemacao.com\/1\/wp-json\/wp\/v2\/media?parent=179371"}],"wp:term":[{"taxonomy":"category","embeddable":true,"href":"https:\/\/www.caririemacao.com\/1\/wp-json\/wp\/v2\/categories?post=179371"},{"taxonomy":"post_tag","embeddable":true,"href":"https:\/\/www.caririemacao.com\/1\/wp-json\/wp\/v2\/tags?post=179371"}],"curies":[{"name":"wp","href":"https:\/\/api.w.org\/{rel}","templated":true}]}}