{"id":179386,"date":"2020-07-18T07:23:10","date_gmt":"2020-07-18T10:23:10","guid":{"rendered":"https:\/\/www.caririemacao.com\/1\/?p=179386"},"modified":"2020-07-18T07:23:10","modified_gmt":"2020-07-18T10:23:10","slug":"ministerio-da-saude-lanca-plataforma-que-reune-dados-do-novo-coronavirus","status":"publish","type":"post","link":"https:\/\/www.caririemacao.com\/1\/2020\/07\/18\/ministerio-da-saude-lanca-plataforma-que-reune-dados-do-novo-coronavirus\/","title":{"rendered":"Minist\u00e9rio da Sa\u00fade lan\u00e7a plataforma que re\u00fane dados do novo coronav\u00edrus"},"content":{"rendered":"\n<h1 class=\"wp-block-heading\"><\/h1>\n\n\n\n<p>Os pain\u00e9is dispon\u00edveis s\u00e3o: SUS Anal\u00edtico, Leitos, Covid-19, OpenDataSUS, Financeiro, RH, Respiradores, Medicamentos, Testes, Vacinas e EPI (equipamentos de prote\u00e7\u00e3o individual).<\/p>\n\n\n\n<p>Para Angelo Martins Denicoli, diretor do Demas (Departamento de Monitoramento e Avalia\u00e7\u00e3o do SUS), a plataforma trar\u00e1 mais transpar\u00eancia aos dados p\u00fablicos.<br>&#8220;O cidad\u00e3o vai poder ter acesso aos dados com mais facilidade e ter a capacidade anal\u00edtica aumentada&#8221;, afirmou.<\/p>\n\n\n\n<p>Segundo Elcio Franco, secret\u00e1rio-executivo da pasta, essa nova ferramenta ainda n\u00e3o traz novas informa\u00e7\u00f5es, mas tamb\u00e9m defendeu que facilita a busca por dados.<\/p>\n\n\n\n<p>&#8220;Ela [Localiza SUS] vai possibilitar o acesso de toda a popula\u00e7\u00e3o. Quando algum gestor, pol\u00edtico perguntar os dados da regi\u00e3o, indicaremos o site. \u00c9 poss\u00edvel fazer compara\u00e7\u00f5es, analisar curva epidemiol\u00f3gica, comparar uma regi\u00e3o com outra. \u00c9 uma ferramenta que pode ser customizada de acordo com o interesse da pessoa&#8221;, disse.<\/p>\n\n\n\n<p>Um dos pain\u00e9is dispon\u00edveis na ferramenta \u00e9 o SUS Anal\u00edtico. Ele tinha como uma das promessas a classifica\u00e7\u00e3o das mortes por Covid-19 pela data da ocorr\u00eancia.<\/p>\n\n\n\n<p>Membros da pasta chegaram a defender que o modelo fosse adotado no lugar do n\u00famero de novas mortes por data de confirma\u00e7\u00e3o \u2013 o que, na pr\u00e1tica, acabaria por diminuir o total de registros di\u00e1rios.<\/p>\n\n\n\n<p>Ap\u00f3s press\u00e3o da Justi\u00e7a, a pasta retomou o formato anterior e passou a dizer que divulgaria ambos os dados \u2013 o que ainda n\u00e3o ocorreu.<\/p>\n\n\n\n<p>Al\u00e9m dessa nova ferramenta, o governo tamb\u00e9m atualizou a situa\u00e7\u00e3o dos medicamentos de entuba\u00e7\u00e3o. J\u00e1 foram 862,5 mil unidades distribu\u00eddas aos estados.<\/p>\n\n\n\n<p>O Brasil comprou ainda 54,8 mil medicamentos para intuba\u00e7\u00e3o do Uruguai, eles chegaram na manh\u00e3 desta sexta ao pa\u00eds e ser\u00e3o distribu\u00eddos para o Rio Grande do Sul e Santa Catarina.<\/p>\n\n\n\n<p>&#8220;Fizemos um esfor\u00e7o interministerial, n\u00e3o foi simples. O Minist\u00e9rio da Sa\u00fade do Uruguai foi sol\u00edcito e autorizou a venda desses medicamentos sabendo da nossa situa\u00e7\u00e3o, principalmente no Sul do Brasil&#8221;, afirmou Fl\u00e1vio Werneck, assessor de Assuntos Internacionais da pasta.<\/p>\n\n\n\n<p>A falta desses medicamentos est\u00e1 sendo relatada desde o in\u00edcio do m\u00eas por entidades como o Conass (Conselho Nacional dos Secret\u00e1rios de Sa\u00fade). Os medicamentos s\u00e3o usados no processo de seda\u00e7\u00e3o para a intuba\u00e7\u00e3o.<\/p>\n\n\n\n<p>A pasta tem trabalhado em tr\u00eas frentes para suprir a falta desses medicamentos: importa\u00e7\u00e3o de medicamento via Opas (Organiza\u00e7\u00e3o Pan-Americana de Sa\u00fade); abertura de processo de preg\u00e3o por meio do SRP (Sistema de Registro de Pre\u00e7os); e por meio de requisi\u00e7\u00e3o administrativa.<\/p>\n\n\n\n<p>O Minist\u00e9rio da Sa\u00fade anunciou ainda que j\u00e1 entregou 7.994 ventiladores pulmonares, al\u00e9m de 183,4 milh\u00f5es de EPIs. A pasta tamb\u00e9m habilitou 10.498 leitos de UTI exclusivos Covid-19.<\/p>\n","protected":false},"excerpt":{"rendered":"<p>Os pain\u00e9is dispon\u00edveis s\u00e3o: SUS Anal\u00edtico, Leitos, Covid-19, OpenDataSUS, Financeiro, RH, Respiradores, Medicamentos, Testes, Vacinas e EPI (equipamentos de prote\u00e7\u00e3o individual). Para Angelo Martins Denicoli,&hellip; <\/p>\n","protected":false},"author":2,"featured_media":179387,"comment_status":"closed","ping_status":"closed","sticky":false,"template":"","format":"standard","meta":{"sfsi_plus_gutenberg_text_before_share":"","sfsi_plus_gutenberg_show_text_before_share":"","sfsi_plus_gutenberg_icon_type":"","sfsi_plus_gutenberg_icon_alignemt":"","sfsi_plus_gutenburg_max_per_row":"","footnotes":""},"categories":[2],"tags":[],"class_list":["post-179386","post","type-post","status-publish","format-standard","has-post-thumbnail","hentry","category-geral"],"_links":{"self":[{"href":"https:\/\/www.caririemacao.com\/1\/wp-json\/wp\/v2\/posts\/179386","targetHints":{"allow":["GET"]}}],"collection":[{"href":"https:\/\/www.caririemacao.com\/1\/wp-json\/wp\/v2\/posts"}],"about":[{"href":"https:\/\/www.caririemacao.com\/1\/wp-json\/wp\/v2\/types\/post"}],"author":[{"embeddable":true,"href":"https:\/\/www.caririemacao.com\/1\/wp-json\/wp\/v2\/users\/2"}],"replies":[{"embeddable":true,"href":"https:\/\/www.caririemacao.com\/1\/wp-json\/wp\/v2\/comments?post=179386"}],"version-history":[{"count":1,"href":"https:\/\/www.caririemacao.com\/1\/wp-json\/wp\/v2\/posts\/179386\/revisions"}],"predecessor-version":[{"id":179388,"href":"https:\/\/www.caririemacao.com\/1\/wp-json\/wp\/v2\/posts\/179386\/revisions\/179388"}],"wp:featuredmedia":[{"embeddable":true,"href":"https:\/\/www.caririemacao.com\/1\/wp-json\/wp\/v2\/media\/179387"}],"wp:attachment":[{"href":"https:\/\/www.caririemacao.com\/1\/wp-json\/wp\/v2\/media?parent=179386"}],"wp:term":[{"taxonomy":"category","embeddable":true,"href":"https:\/\/www.caririemacao.com\/1\/wp-json\/wp\/v2\/categories?post=179386"},{"taxonomy":"post_tag","embeddable":true,"href":"https:\/\/www.caririemacao.com\/1\/wp-json\/wp\/v2\/tags?post=179386"}],"curies":[{"name":"wp","href":"https:\/\/api.w.org\/{rel}","templated":true}]}}