{"id":179390,"date":"2020-07-18T07:27:46","date_gmt":"2020-07-18T10:27:46","guid":{"rendered":"https:\/\/www.caririemacao.com\/1\/?p=179390"},"modified":"2020-07-18T07:27:46","modified_gmt":"2020-07-18T10:27:46","slug":"cbf-anuncia-testes-de-covid-19-para-partidas-de-competicoes-nacionais","status":"publish","type":"post","link":"https:\/\/www.caririemacao.com\/1\/2020\/07\/18\/cbf-anuncia-testes-de-covid-19-para-partidas-de-competicoes-nacionais\/","title":{"rendered":"CBF anuncia testes de Covid-19 para partidas de competi\u00e7\u00f5es nacionais"},"content":{"rendered":"\n<h1 class=\"wp-block-heading\"><\/h1>\n\n\n\n<p>O objetivo, de acordo com a entidade, \u00e9 &#8220;garantir padroniza\u00e7\u00e3o e alto grau de confiabilidade aos testes realizados&#8221;. Os diagn\u00f3sticos ser\u00e3o dados por testes moleculares (RT-PCR), com o objetivo de testar delega\u00e7\u00f5es de todas as equipes antes de cada rodada das competi\u00e7\u00f5es.<\/p>\n\n\n\n<p>O protocolo divulgado prev\u00ea que os jogadores passar\u00e3o por exames tr\u00eas dias antes de cada compromisso e ter\u00e3o resultados na v\u00e9spera de cada jogo. Com o diagn\u00f3stico em m\u00e3os, a CBF recomendar\u00e1 aos clubes o eventual afastamento imediato dos que tiverem a Covid-19 detectada no organismo.<\/p>\n\n\n\n<p>A CBF informou ainda que ir\u00e1 custear integralmente os testes, inclusive para treinadores, \u00e1rbitros e assistentes.<\/p>\n\n\n\n<p>Inicialmente, o acordo \u00e9 v\u00e1lido para as S\u00e9ries A, B, C e D do Campeonato Brasileiro, as Copas do Brasil e do Nordeste, e o Brasileir\u00e3o sub-20, todas competi\u00e7\u00f5es do futebol masculino. No feminino, ser\u00e3o inclusas as S\u00e9ries A1 e A2 do Campeonato Brasileiro.<\/p>\n\n\n\n<p>&#8220;Vamos retomar o futebol de forma segura. Oferecer um ambiente de prote\u00e7\u00e3o e confian\u00e7a nos protocolos \u00e9 o nosso compromisso com os protagonistas do futebol&#8221;, afirmou o presidente da CBF, Rog\u00e9rio Caboclo.<\/p>\n\n\n\n<p>&#8220;Com este projeto conjunto com a CBF, o Einstein tem a oportunidade de colaborar com a retomada das competi\u00e7\u00f5es nacionais. De nossa parte, ser\u00e3o fornecidos testes moleculares do padr\u00e3o ouro para o diagn\u00f3stico da Covid-19&#8221;, acrescentou ainda Sidney Klajner, presidente da Sociedade Beneficente Israelita Brasileira Albert Einstein.<\/p>\n\n\n\n<p>Os primeiros testes j\u00e1 est\u00e3o sendo realizados para a retomada da Copa do Nordeste. Os 14 times da competi\u00e7\u00e3o passaram por exames antes do deslocamento para a Bahia, onde a competi\u00e7\u00e3o voltar\u00e1 a ser realizada no dia 21.<\/p>\n","protected":false},"excerpt":{"rendered":"<p>O objetivo, de acordo com a entidade, \u00e9 &#8220;garantir padroniza\u00e7\u00e3o e alto grau de confiabilidade aos testes realizados&#8221;. Os diagn\u00f3sticos ser\u00e3o dados por testes moleculares&hellip; <\/p>\n","protected":false},"author":2,"featured_media":179391,"comment_status":"closed","ping_status":"closed","sticky":false,"template":"","format":"standard","meta":{"sfsi_plus_gutenberg_text_before_share":"","sfsi_plus_gutenberg_show_text_before_share":"","sfsi_plus_gutenberg_icon_type":"","sfsi_plus_gutenberg_icon_alignemt":"","sfsi_plus_gutenburg_max_per_row":"","footnotes":""},"categories":[2],"tags":[],"class_list":["post-179390","post","type-post","status-publish","format-standard","has-post-thumbnail","hentry","category-geral"],"_links":{"self":[{"href":"https:\/\/www.caririemacao.com\/1\/wp-json\/wp\/v2\/posts\/179390","targetHints":{"allow":["GET"]}}],"collection":[{"href":"https:\/\/www.caririemacao.com\/1\/wp-json\/wp\/v2\/posts"}],"about":[{"href":"https:\/\/www.caririemacao.com\/1\/wp-json\/wp\/v2\/types\/post"}],"author":[{"embeddable":true,"href":"https:\/\/www.caririemacao.com\/1\/wp-json\/wp\/v2\/users\/2"}],"replies":[{"embeddable":true,"href":"https:\/\/www.caririemacao.com\/1\/wp-json\/wp\/v2\/comments?post=179390"}],"version-history":[{"count":1,"href":"https:\/\/www.caririemacao.com\/1\/wp-json\/wp\/v2\/posts\/179390\/revisions"}],"predecessor-version":[{"id":179392,"href":"https:\/\/www.caririemacao.com\/1\/wp-json\/wp\/v2\/posts\/179390\/revisions\/179392"}],"wp:featuredmedia":[{"embeddable":true,"href":"https:\/\/www.caririemacao.com\/1\/wp-json\/wp\/v2\/media\/179391"}],"wp:attachment":[{"href":"https:\/\/www.caririemacao.com\/1\/wp-json\/wp\/v2\/media?parent=179390"}],"wp:term":[{"taxonomy":"category","embeddable":true,"href":"https:\/\/www.caririemacao.com\/1\/wp-json\/wp\/v2\/categories?post=179390"},{"taxonomy":"post_tag","embeddable":true,"href":"https:\/\/www.caririemacao.com\/1\/wp-json\/wp\/v2\/tags?post=179390"}],"curies":[{"name":"wp","href":"https:\/\/api.w.org\/{rel}","templated":true}]}}