{"id":179394,"date":"2020-07-18T07:30:18","date_gmt":"2020-07-18T10:30:18","guid":{"rendered":"https:\/\/www.caririemacao.com\/1\/?p=179394"},"modified":"2020-07-18T07:30:18","modified_gmt":"2020-07-18T10:30:18","slug":"ans-tira-exame-para-covid-de-lista-obrigatoria-de-cobertura-de-planos-de-saude","status":"publish","type":"post","link":"https:\/\/www.caririemacao.com\/1\/2020\/07\/18\/ans-tira-exame-para-covid-de-lista-obrigatoria-de-cobertura-de-planos-de-saude\/","title":{"rendered":"ANS tira exame para Covid de lista obrigat\u00f3ria de cobertura de planos de sa\u00fade"},"content":{"rendered":"\n<h1 class=\"wp-block-heading\"><\/h1>\n\n\n\n<p>A Justi\u00e7a h\u00e1 havia determinado o fim da exig\u00eancia para os conv\u00eanios na \u00faltima ter\u00e7a-feira (14), mas a ANS, no mesmo dia, voltou atr\u00e1s e afirmou que manteria a obrigatoriedade da cobertura at\u00e9 que a diretoria da reguladora se reunisse.<\/p>\n\n\n\n<p>A reuni\u00e3o aconteceu na quinta (16) e o \u00f3rg\u00e3o decidiu seguir a determina\u00e7\u00e3o judicial at\u00e9 a realiza\u00e7\u00e3o de audi\u00eancia p\u00fablica com o setor e com a sociedade sobre a inclus\u00e3o dos testes sorol\u00f3gicos no rol de cobertura de procedimentos, na pr\u00f3xima sexta-feira (24).<\/p>\n\n\n\n<p>&#8220;At\u00e9 que o debate e a avalia\u00e7\u00e3o t\u00e9cnica da ANS sejam conclu\u00eddos, e considerando decis\u00e3o judicial suspendendo os efeitos da medida cautelar proferida na a\u00e7\u00e3o civil p\u00fablica que determinou a inclus\u00e3o dos testes, ficam suspensos os efeitos da Resolu\u00e7\u00e3o Normativa n\u00ba 458\/2020&#8221;, afirma a reguladora.<\/p>\n\n\n\n<p>Desde o dia 29 de junho, a normativa obrigava os planos de sa\u00fade a cobrir os testes sorol\u00f3gicos que detectam a presen\u00e7a de anticorpos produzidos pelo organismo ap\u00f3s exposi\u00e7\u00e3o ao coronav\u00edrus.<\/p>\n\n\n\n<p>A suspens\u00e3o da norma, diz a ANS, passa a valer nesta sexta-feira (17), com a publica\u00e7\u00e3o do edital para audi\u00eancia p\u00fablica no &#8220;Di\u00e1rio Oficial da Uni\u00e3o&#8221;.<\/p>\n\n\n\n<p>A ag\u00eancia diz ainda que est\u00e1 em curso uma avalia\u00e7\u00e3o t\u00e9cnica sobre a inclus\u00e3o dos testes sorol\u00f3gicos para detec\u00e7\u00e3o de anticorpos relacionados ao novo coronav\u00edrus no rol de coberturas obrigat\u00f3rias. &#8220;Inclusive, a mat\u00e9ria estava em estudo antes mesmo da propositura da a\u00e7\u00e3o civil p\u00fablica, sendo que a conclus\u00e3o do mesmo est\u00e1 prevista para os pr\u00f3ximos dias&#8221;, informa o \u00f3rg\u00e3o.<\/p>\n\n\n\n<p>Segundo a ag\u00eancia, estudos e an\u00e1lises de diversas sociedades m\u00e9dicas apontam a possibilidade de ocorr\u00eancia de alto percentual de resultados falso-negativos e h\u00e1 d\u00favidas tamb\u00e9m quanto ao uso desses exames para o controle epidemiol\u00f3gico da Covid-19.<\/p>\n\n\n\n<p><strong>DECIS\u00c3O DA JUSTI\u00c7A<\/strong><\/p>\n\n\n\n<p>O exame sorol\u00f3gico, liberado em 29 de junho para os benefici\u00e1rios de planos de sa\u00fade, detecta a presen\u00e7a de anticorpos IgA, IgG ou IgM, produzidos pelo organismo ap\u00f3s exposi\u00e7\u00e3o ao v\u00edrus. Para isso, \u00e9 necess\u00e1rio colher uma amostra de sangue. Esse tipo de teste \u00e9 indicado a partir do oitavo dia de in\u00edcio dos sintomas.<\/p>\n\n\n\n<p>Nesta segunda-feira (13), o TRF-5 (Tribunal Regional Federal da 5\u00aa Regi\u00e3o) acatou o pedido de agravo de instrumento interposto pela ANS contra a decis\u00e3o de 1\u00aa inst\u00e2ncia favor\u00e1vel \u00e0 a\u00e7\u00e3o civil p\u00fablica da Aduseps (Associa\u00e7\u00e3o de Defesa dos Usu\u00e1rios de Seguros, Planos e Sistemas de Sa\u00fade), que permitiu a inclus\u00e3o do exame no rol de coberturas obrigat\u00f3rias dos planos de sa\u00fade.<\/p>\n\n\n\n<p>Na decis\u00e3o, o desembargador Leonardo Augusto Nunes Coutinho atendeu os argumentos defendidos pela ANS. &#8220;Quanto aos exames IgG e IgM, defendeu a agravante que, conquanto eles proporcionem a identifica\u00e7\u00e3o de anticorpos, n\u00e3o estaria descartada a possibilidade de reatividade cruzada com outros coronav\u00edrus n\u00e3o causadores da Covid-19, de modo que, aquilo que denominou de &#8216;teste padr\u00e3o ouro&#8217;, seria o RT-PCR, j\u00e1 incorporado ao rol de procedimentos obrigat\u00f3rios da ANS no in\u00edcio da pandemia&#8221;, afirma o magistrado.<\/p>\n\n\n\n<p>O desembargador apontou, tamb\u00e9m, a transfer\u00eancia da responsabilidade do fornecimento de testes do setor p\u00fablico para o privado.<\/p>\n\n\n\n<p>&#8220;Embora tenha reconhecido a utilidade dos testes IgM e IgG, insurgiu-se a ora recorrente [ANS] contra a realiza\u00e7\u00e3o deles de forma indiscriminada, de modo que a decis\u00e3o teria resultado na transfer\u00eancia, ao sistema de sa\u00fade suplementar, daquilo que se compreende como adequado ao sistema p\u00fablico&#8221;, afirma Coutinho, que assinalou ainda o impacto financeiro que a decis\u00e3o teria sobre as operadoras.<\/p>\n\n\n\n<p>&#8220;Sinalizou perigo de dano reverso, a colocar em risco a popula\u00e7\u00e3o, al\u00e9m da higidez financeira do sistema de sa\u00fade suplementar, composto por operadoras dos mais diversos portes econ\u00f4micos, em se considerando o impacto ao sistema suplementar de sa\u00fade p\u00fablica, que arque com o pagamento de testes ainda novos no mercado.&#8221;<\/p>\n\n\n\n<p>A FenaSa\u00fade (Federa\u00e7\u00e3o Nacional de Sa\u00fade Suplementar), que \u00e9 amicus curiae na a\u00e7\u00e3o, defendeu a decis\u00e3o da Justi\u00e7a.<\/p>\n\n\n\n<p>&#8220;Os testes sorol\u00f3gicos s\u00e3o de baixa acur\u00e1cia e podem levar a diagn\u00f3sticos err\u00f4neos em rela\u00e7\u00e3o ao tratamento para a Covid-19, sendo uma decis\u00e3o favor\u00e1vel, sobretudo, aos benefici\u00e1rios dos planos de sa\u00fade&#8221;, afirma Vera Valente, diretora executiva da entidade.<\/p>\n\n\n\n<p>&#8220;De acordo com a Anvisa, dos 102 testes r\u00e1pidos liberados at\u00e9 hoje, 44,1% n\u00e3o possuem desempenho de acordo com o alegado pelo fornecedor. Al\u00e9m disso, segundo a publica\u00e7\u00e3o cient\u00edfica brit\u00e2nica The BMJ, em 34% dos casos os testes r\u00e1pidos d\u00e3o falso negativo. A OMS [Organiza\u00e7\u00e3o Mundial da Sa\u00fade] e o Minist\u00e9rio da Sa\u00fade tamb\u00e9m n\u00e3o os recomendam para diagnosticar a doen\u00e7a&#8221;, afirma Valente.<\/p>\n","protected":false},"excerpt":{"rendered":"<p>A Justi\u00e7a h\u00e1 havia determinado o fim da exig\u00eancia para os conv\u00eanios na \u00faltima ter\u00e7a-feira (14), mas a ANS, no mesmo dia, voltou atr\u00e1s e&hellip; <\/p>\n","protected":false},"author":2,"featured_media":178308,"comment_status":"closed","ping_status":"closed","sticky":false,"template":"","format":"standard","meta":{"sfsi_plus_gutenberg_text_before_share":"","sfsi_plus_gutenberg_show_text_before_share":"","sfsi_plus_gutenberg_icon_type":"","sfsi_plus_gutenberg_icon_alignemt":"","sfsi_plus_gutenburg_max_per_row":"","footnotes":""},"categories":[50,2],"tags":[],"class_list":["post-179394","post","type-post","status-publish","format-standard","has-post-thumbnail","hentry","category-destaque","category-geral"],"_links":{"self":[{"href":"https:\/\/www.caririemacao.com\/1\/wp-json\/wp\/v2\/posts\/179394","targetHints":{"allow":["GET"]}}],"collection":[{"href":"https:\/\/www.caririemacao.com\/1\/wp-json\/wp\/v2\/posts"}],"about":[{"href":"https:\/\/www.caririemacao.com\/1\/wp-json\/wp\/v2\/types\/post"}],"author":[{"embeddable":true,"href":"https:\/\/www.caririemacao.com\/1\/wp-json\/wp\/v2\/users\/2"}],"replies":[{"embeddable":true,"href":"https:\/\/www.caririemacao.com\/1\/wp-json\/wp\/v2\/comments?post=179394"}],"version-history":[{"count":1,"href":"https:\/\/www.caririemacao.com\/1\/wp-json\/wp\/v2\/posts\/179394\/revisions"}],"predecessor-version":[{"id":179396,"href":"https:\/\/www.caririemacao.com\/1\/wp-json\/wp\/v2\/posts\/179394\/revisions\/179396"}],"wp:featuredmedia":[{"embeddable":true,"href":"https:\/\/www.caririemacao.com\/1\/wp-json\/wp\/v2\/media\/178308"}],"wp:attachment":[{"href":"https:\/\/www.caririemacao.com\/1\/wp-json\/wp\/v2\/media?parent=179394"}],"wp:term":[{"taxonomy":"category","embeddable":true,"href":"https:\/\/www.caririemacao.com\/1\/wp-json\/wp\/v2\/categories?post=179394"},{"taxonomy":"post_tag","embeddable":true,"href":"https:\/\/www.caririemacao.com\/1\/wp-json\/wp\/v2\/tags?post=179394"}],"curies":[{"name":"wp","href":"https:\/\/api.w.org\/{rel}","templated":true}]}}