{"id":179398,"date":"2020-07-18T07:34:48","date_gmt":"2020-07-18T10:34:48","guid":{"rendered":"https:\/\/www.caririemacao.com\/1\/?p=179398"},"modified":"2020-07-18T07:34:48","modified_gmt":"2020-07-18T10:34:48","slug":"relator-propoe-isencao-de-luz-para-baixa-renda-por-mais-dois-meses","status":"publish","type":"post","link":"https:\/\/www.caririemacao.com\/1\/2020\/07\/18\/relator-propoe-isencao-de-luz-para-baixa-renda-por-mais-dois-meses\/","title":{"rendered":"Relator prop\u00f5e isen\u00e7\u00e3o de luz para baixa renda por mais dois meses"},"content":{"rendered":"\n<h1 class=\"wp-block-heading\"><\/h1>\n\n\n\n<p>O relator da medida provis\u00f3ria (MP) 950, deputado L\u00e9o Moraes (Podemos-RO), prop\u00f4s em seu relat\u00f3rio, obtido em primeira m\u00e3o pelo R7 Planalto, prorrogar a isen\u00e7\u00e3o da conta de luz para fam\u00edlias de baixa renda cadastradas no programa Tarifa Social por mais dois meses. O relat\u00f3rio ser\u00e1 apresentado nesta sexta-feira (17).<\/p>\n\n\n\n<p>A ideia inicial do relator era estender o benef\u00edcio at\u00e9 dezembro, mas houve resist\u00eancia da equipe econ\u00f4mica em fun\u00e7\u00e3o do impacto fiscal no or\u00e7amento e da base aliada do governo na C\u00e2mara, que votaria contra.&nbsp;<\/p>\n\n\n\n<p>&#8220;Sabemos que o ideal seria que esse benef\u00edcio fosse estendido at\u00e9 o t\u00e9rmino do per\u00edodo de calamidade p\u00fablica, por\u00e9m por conta da limita\u00e7\u00e3o de recursos financeiros e com o objetivo de adequar o per\u00edodo da vig\u00eancia ao de aprova\u00e7\u00e3o no Congresso Nacional, prorrogamos o benef\u00edcio para evitarmos lapso temporal&#8221;, diz o relator no parecer.&nbsp;<\/p>\n\n\n\n<p>Para custear a extens\u00e3o da isen\u00e7\u00e3o, o relator prop\u00f5e o uso de sobra de recursos destinados pela Lei n\u00ba 9.991, de 2000 \u00e0 pesquisa e desenvolvimento e \u00e0 efici\u00eancia energ\u00e9tica que gerou um ac\u00famulo cont\u00e1bil total de R$ 3,32 bilh\u00f5es em valores de 2018.<\/p>\n\n\n\n<p>O relator prop\u00f5e tamb\u00e9m a suspens\u00e3o de aumentos tarif\u00e1rios na conta de luz para todos at\u00e9 31 de dezembro de 2020.&nbsp;<\/p>\n\n\n\n<p>Aprovada em 8 de abril, a MP 950 isentou a popula\u00e7\u00e3o com consumo mensal de energia el\u00e9trica inferior ou igual a 220 quilowatts-hora (kWh) do pagamento da conta de luz, no per\u00edodo de 1\u00ba de abril a 30 de junho deste ano. O relator prop\u00f5e a prorroga\u00e7\u00e3o para julho e agosto, encerrando o benef\u00edcio em 31 de agosto.&nbsp;<\/p>\n","protected":false},"excerpt":{"rendered":"<p>O relator da medida provis\u00f3ria (MP) 950, deputado L\u00e9o Moraes (Podemos-RO), prop\u00f4s em seu relat\u00f3rio, obtido em primeira m\u00e3o pelo R7 Planalto, prorrogar a isen\u00e7\u00e3o&hellip; <\/p>\n","protected":false},"author":2,"featured_media":179399,"comment_status":"closed","ping_status":"closed","sticky":false,"template":"","format":"standard","meta":{"sfsi_plus_gutenberg_text_before_share":"","sfsi_plus_gutenberg_show_text_before_share":"","sfsi_plus_gutenberg_icon_type":"","sfsi_plus_gutenberg_icon_alignemt":"","sfsi_plus_gutenburg_max_per_row":"","footnotes":""},"categories":[2],"tags":[],"class_list":["post-179398","post","type-post","status-publish","format-standard","has-post-thumbnail","hentry","category-geral"],"_links":{"self":[{"href":"https:\/\/www.caririemacao.com\/1\/wp-json\/wp\/v2\/posts\/179398","targetHints":{"allow":["GET"]}}],"collection":[{"href":"https:\/\/www.caririemacao.com\/1\/wp-json\/wp\/v2\/posts"}],"about":[{"href":"https:\/\/www.caririemacao.com\/1\/wp-json\/wp\/v2\/types\/post"}],"author":[{"embeddable":true,"href":"https:\/\/www.caririemacao.com\/1\/wp-json\/wp\/v2\/users\/2"}],"replies":[{"embeddable":true,"href":"https:\/\/www.caririemacao.com\/1\/wp-json\/wp\/v2\/comments?post=179398"}],"version-history":[{"count":1,"href":"https:\/\/www.caririemacao.com\/1\/wp-json\/wp\/v2\/posts\/179398\/revisions"}],"predecessor-version":[{"id":179400,"href":"https:\/\/www.caririemacao.com\/1\/wp-json\/wp\/v2\/posts\/179398\/revisions\/179400"}],"wp:featuredmedia":[{"embeddable":true,"href":"https:\/\/www.caririemacao.com\/1\/wp-json\/wp\/v2\/media\/179399"}],"wp:attachment":[{"href":"https:\/\/www.caririemacao.com\/1\/wp-json\/wp\/v2\/media?parent=179398"}],"wp:term":[{"taxonomy":"category","embeddable":true,"href":"https:\/\/www.caririemacao.com\/1\/wp-json\/wp\/v2\/categories?post=179398"},{"taxonomy":"post_tag","embeddable":true,"href":"https:\/\/www.caririemacao.com\/1\/wp-json\/wp\/v2\/tags?post=179398"}],"curies":[{"name":"wp","href":"https:\/\/api.w.org\/{rel}","templated":true}]}}