{"id":17946,"date":"2017-04-17T10:36:26","date_gmt":"2017-04-17T13:36:26","guid":{"rendered":"http:\/\/caririemacao.com\/1\/?p=17946"},"modified":"2017-04-17T10:38:42","modified_gmt":"2017-04-17T13:38:42","slug":"temer-confirma-golpe-em-dilma-e-paises-voltam-os-olhos-para-o-brasil","status":"publish","type":"post","link":"https:\/\/www.caririemacao.com\/1\/2017\/04\/17\/temer-confirma-golpe-em-dilma-e-paises-voltam-os-olhos-para-o-brasil\/","title":{"rendered":"Temer confirma golpe em Dilma e pa\u00edses voltam os olhos para o Brasil"},"content":{"rendered":"<div>Est\u00e1 provado. O ex-deputado Eduardo Cunha (PMDB) chantageou a ex-presidente Dilma no processo de impeachment.<\/div>\n<div><\/div>\n<div>A afirma\u00e7\u00e3o foi dada pelo o pr\u00f3prio Presidente Michel Temer, aliado de Cunha.\u00a0A confiss\u00e3o foi dita na Band, ao vivo e repercute em todo o planeta.<\/div>\n<div><\/div>\n<div>Temer disse que Cunha informou que s\u00f3 n\u00e3o abriria o processo de impeachment contra Dilma, se obtivesse os votos do PT no Conselho de \u00c9tica, evitando assim, a sua cassa\u00e7\u00e3o. A not\u00edcia caiu como uma bomba e juristas alertam para mais nova crise da Rep\u00fablica.<\/div>\n<div>\n<p><b>Veja o v\u00eddeo. <a href=\"https:\/\/youtu.be\/V8LgwVp4MIg\">Clique AQUI.<\/a><\/b><\/p>\n<\/div>\n<div>\n<p><strong>CARIRI EM A\u00c7\u00c3O<\/strong><\/p>\n<p>Leia mais not\u00edcias em\u00a0<a href=\"http:\/\/www.caririemacao.com\/\">caririemacao.com<\/a>, siga nossa p\u00e1gina no<a href=\"https:\/\/www.facebook.com\/CaririEmAcao\/\">\u00a0Facebook<\/a>\u00a0e\u00a0<a href=\"https:\/\/www.instagram.com\/cariri_em_acao\/?hl=pt-br\">Instagram<\/a>\u00a0veja nossas mat\u00e9rias e fotos. Voc\u00ea tamb\u00e9m pode enviar informa\u00e7\u00f5es \u00e0 Reda\u00e7\u00e3o do Portal Cariri em A\u00e7\u00e3o pelo WhatsApp (83) 9 9634.5791, (83) 9 9601-1162.<\/p>\n<\/div>\n","protected":false},"excerpt":{"rendered":"<p>Est\u00e1 provado. O ex-deputado Eduardo Cunha (PMDB) chantageou a ex-presidente Dilma no processo de impeachment. A afirma\u00e7\u00e3o foi dada pelo o pr\u00f3prio Presidente Michel Temer,&hellip; <\/p>\n","protected":false},"author":2,"featured_media":17947,"comment_status":"closed","ping_status":"closed","sticky":false,"template":"","format":"link","meta":{"sfsi_plus_gutenberg_text_before_share":"","sfsi_plus_gutenberg_show_text_before_share":"","sfsi_plus_gutenberg_icon_type":"","sfsi_plus_gutenberg_icon_alignemt":"","sfsi_plus_gutenburg_max_per_row":"","footnotes":""},"categories":[11],"tags":[],"class_list":["post-17946","post","type-post","status-publish","format-link","has-post-thumbnail","hentry","category-politica","post_format-post-format-link"],"_links":{"self":[{"href":"https:\/\/www.caririemacao.com\/1\/wp-json\/wp\/v2\/posts\/17946","targetHints":{"allow":["GET"]}}],"collection":[{"href":"https:\/\/www.caririemacao.com\/1\/wp-json\/wp\/v2\/posts"}],"about":[{"href":"https:\/\/www.caririemacao.com\/1\/wp-json\/wp\/v2\/types\/post"}],"author":[{"embeddable":true,"href":"https:\/\/www.caririemacao.com\/1\/wp-json\/wp\/v2\/users\/2"}],"replies":[{"embeddable":true,"href":"https:\/\/www.caririemacao.com\/1\/wp-json\/wp\/v2\/comments?post=17946"}],"version-history":[{"count":0,"href":"https:\/\/www.caririemacao.com\/1\/wp-json\/wp\/v2\/posts\/17946\/revisions"}],"wp:featuredmedia":[{"embeddable":true,"href":"https:\/\/www.caririemacao.com\/1\/wp-json\/wp\/v2\/media\/17947"}],"wp:attachment":[{"href":"https:\/\/www.caririemacao.com\/1\/wp-json\/wp\/v2\/media?parent=17946"}],"wp:term":[{"taxonomy":"category","embeddable":true,"href":"https:\/\/www.caririemacao.com\/1\/wp-json\/wp\/v2\/categories?post=17946"},{"taxonomy":"post_tag","embeddable":true,"href":"https:\/\/www.caririemacao.com\/1\/wp-json\/wp\/v2\/tags?post=17946"}],"curies":[{"name":"wp","href":"https:\/\/api.w.org\/{rel}","templated":true}]}}