{"id":17953,"date":"2017-04-17T11:27:44","date_gmt":"2017-04-17T14:27:44","guid":{"rendered":"http:\/\/caririemacao.com\/1\/?p=17953"},"modified":"2017-04-17T11:27:44","modified_gmt":"2017-04-17T14:27:44","slug":"vereadores-do-cariri-viajam-a-brasilia-para-participar-de-ato-contra-a-reforma-da-previdencia","status":"publish","type":"post","link":"https:\/\/www.caririemacao.com\/1\/2017\/04\/17\/vereadores-do-cariri-viajam-a-brasilia-para-participar-de-ato-contra-a-reforma-da-previdencia\/","title":{"rendered":"Vereadores do Cariri viajam a Bras\u00edlia para participar de ato contra a Reforma da Previd\u00eancia"},"content":{"rendered":"<p>Uma caravana de vereadores da regi\u00e3o do Cariri Paraibano viajaram neste segunda-feira (17)\u00a0a capital Bras\u00edlia para participar durante essa semana de ato p\u00fablico contra a Reforma da Previd\u00eancia.<\/p>\n<p><a href=\"http:\/\/caririemacao.com\/1\/wp-content\/uploads\/2017\/04\/carta-do-cariri.jpg\"><img fetchpriority=\"high\" decoding=\"async\" class=\"aligncenter wp-image-17954 size-large\" src=\"http:\/\/caririemacao.com\/1\/wp-content\/uploads\/2017\/04\/carta-do-cariri-1024x576.jpg\" alt=\"carta do cariri\" width=\"800\" height=\"450\" srcset=\"https:\/\/www.caririemacao.com\/1\/wp-content\/uploads\/2017\/04\/carta-do-cariri-1024x576.jpg 1024w, https:\/\/www.caririemacao.com\/1\/wp-content\/uploads\/2017\/04\/carta-do-cariri-300x169.jpg 300w, https:\/\/www.caririemacao.com\/1\/wp-content\/uploads\/2017\/04\/carta-do-cariri-768x432.jpg 768w, https:\/\/www.caririemacao.com\/1\/wp-content\/uploads\/2017\/04\/carta-do-cariri.jpg 1280w\" sizes=\"(max-width: 800px) 100vw, 800px\" \/><\/a><\/p>\n<p>Al\u00e9m de participar do ato, os vereadores pretendem entregar a &#8216;Carta do Cariri&#8217;, assinada por todas as pessoas que participaram no m\u00eas passado do Levante do Cariri, realizado na cidade de S\u00e3o Jo\u00e3o do Cariri.<\/p>\n<p>Segundo um dos organizados do movimento na regi\u00e3o, o vereador Francisco J\u00fanior, com essa iniciativa, os vereadores pretendem sensibilizar a bancada federal paraibana a n\u00e3o\u00a0votarem a favor da PEC 287. \u201cTodos n\u00f3s somos contra a Reforma da Previd\u00eancia e em defesa dos trabalhadores e trabalhadoras e acreditamos nos deputados federais e senadores que ser\u00e3o a favor dos trabalhadores e votar\u00e3o contra essa reforma\u201d, concluiu o parlamentar.<\/p>\n<p><strong>Confira abaixo a Rela\u00e7\u00e3o dos vereadores e lideran\u00e7as que viajar\u00e1 a Bras\u00edlia &#8211; dia 17 a 21 de abril:<\/strong><\/p>\n<p>*Francisco Joaquim J\u00fanior, Vereador &#8211; S\u00e3o Jo\u00e3o do Cariri<\/p>\n<p>*Paulo S\u00e9rgio de Azevedo Barros, ex- vereador &#8211; Serra Branca.<\/p>\n<p>*Adailson Queiroz, vereador Presidente &#8211; Gurj\u00e3o<\/p>\n<p>*Cl\u00e1udio Marcelo Ferreira de farias, vereador &#8211; Gurj\u00e3o.<\/p>\n<p>*Jose Renivan Neves, vereador Presidente &#8211; Cara\u00fabas.<\/p>\n<p>*J\u00falio C\u00e9sar de Vasconcelos Garcia, vereador &#8211; Soledade.<\/p>\n<p>*Reinaldo Adriano dos Santos ramos, vereador Presidente &#8211; Cabaceiras.<\/p>\n<p>*Agnelo de Freitas Cavalcante filho, vereador &#8211; Cabaceiras.<\/p>\n<p>*Patr\u00edcio Dami\u00e3o da Silva, l\u00edder Comunit\u00e1rio &#8211; Assun\u00e7\u00e3o.<\/p>\n<p>*Valdete Silva sousa &#8211; vereadora &#8211; Camala\u00fa<\/p>\n<p>*Audenice chaves Sousa, Vereadora &#8211; Camala\u00fa<\/p>\n<p>*Adriana Alves de Brito, vereadora &#8211; Livramento.<\/p>\n<p><strong>CARIRI EM A\u00c7\u00c3O<\/strong><\/p>\n<p>Leia mais not\u00edcias em\u00a0<a href=\"http:\/\/www.caririemacao.com\/\">caririemacao.com<\/a>, siga nossa p\u00e1gina no<a href=\"https:\/\/www.facebook.com\/CaririEmAcao\/\">\u00a0Facebook<\/a>\u00a0e\u00a0<a href=\"https:\/\/www.instagram.com\/cariri_em_acao\/?hl=pt-br\">Instagram<\/a>\u00a0veja nossas mat\u00e9rias e fotos. Voc\u00ea tamb\u00e9m pode enviar informa\u00e7\u00f5es \u00e0 Reda\u00e7\u00e3o do Portal Cariri em A\u00e7\u00e3o pelo WhatsApp (83) 9 9634.5791, (83) 9 9601-1162.<\/p>\n","protected":false},"excerpt":{"rendered":"<p>Uma caravana de vereadores da regi\u00e3o do Cariri Paraibano viajaram neste segunda-feira (17)\u00a0a capital Bras\u00edlia para participar durante essa semana de ato p\u00fablico contra a&hellip; <\/p>\n","protected":false},"author":2,"featured_media":17955,"comment_status":"closed","ping_status":"closed","sticky":false,"template":"","format":"standard","meta":{"sfsi_plus_gutenberg_text_before_share":"","sfsi_plus_gutenberg_show_text_before_share":"","sfsi_plus_gutenberg_icon_type":"","sfsi_plus_gutenberg_icon_alignemt":"","sfsi_plus_gutenburg_max_per_row":"","footnotes":""},"categories":[2],"tags":[],"class_list":["post-17953","post","type-post","status-publish","format-standard","has-post-thumbnail","hentry","category-geral"],"_links":{"self":[{"href":"https:\/\/www.caririemacao.com\/1\/wp-json\/wp\/v2\/posts\/17953","targetHints":{"allow":["GET"]}}],"collection":[{"href":"https:\/\/www.caririemacao.com\/1\/wp-json\/wp\/v2\/posts"}],"about":[{"href":"https:\/\/www.caririemacao.com\/1\/wp-json\/wp\/v2\/types\/post"}],"author":[{"embeddable":true,"href":"https:\/\/www.caririemacao.com\/1\/wp-json\/wp\/v2\/users\/2"}],"replies":[{"embeddable":true,"href":"https:\/\/www.caririemacao.com\/1\/wp-json\/wp\/v2\/comments?post=17953"}],"version-history":[{"count":0,"href":"https:\/\/www.caririemacao.com\/1\/wp-json\/wp\/v2\/posts\/17953\/revisions"}],"wp:featuredmedia":[{"embeddable":true,"href":"https:\/\/www.caririemacao.com\/1\/wp-json\/wp\/v2\/media\/17955"}],"wp:attachment":[{"href":"https:\/\/www.caririemacao.com\/1\/wp-json\/wp\/v2\/media?parent=17953"}],"wp:term":[{"taxonomy":"category","embeddable":true,"href":"https:\/\/www.caririemacao.com\/1\/wp-json\/wp\/v2\/categories?post=17953"},{"taxonomy":"post_tag","embeddable":true,"href":"https:\/\/www.caririemacao.com\/1\/wp-json\/wp\/v2\/tags?post=17953"}],"curies":[{"name":"wp","href":"https:\/\/api.w.org\/{rel}","templated":true}]}}