{"id":17958,"date":"2017-04-17T11:47:39","date_gmt":"2017-04-17T14:47:39","guid":{"rendered":"http:\/\/caririemacao.com\/1\/?p=17958"},"modified":"2017-04-17T11:47:39","modified_gmt":"2017-04-17T14:47:39","slug":"de-21-a-23-de-abril-sume-tera-cinema-ao-ar-livre","status":"publish","type":"post","link":"https:\/\/www.caririemacao.com\/1\/2017\/04\/17\/de-21-a-23-de-abril-sume-tera-cinema-ao-ar-livre\/","title":{"rendered":"De 21 a 23 de abril Sum\u00e9 ter\u00e1 cinema ao ar livre"},"content":{"rendered":"<p>O CineSesi Cultural estar\u00e1 em Sum\u00e9 de 21 a 23 de abril com exibi\u00e7\u00e3o de filmes em pra\u00e7a p\u00fablica em Sum\u00e9.<\/p>\n<p>Os filmes ser\u00e3o exibidos em frente \u00e0 igreja matriz a partir das 18h30min. Haver\u00e1 distribui\u00e7\u00e3o de pipoca gratuitamente. O CineSesi Cultural est\u00e1 contando com total apoio da Prefeitura de Sum\u00e9.<\/p>\n<p>O projeto roda longas metragens no interior em proje\u00e7\u00f5es de grandes telas de cinema. Al\u00e9m de priorizar o cinema brasileiro, tamb\u00e9m s\u00e3o exibidos curtas de anima\u00e7\u00e3o.<\/p>\n<p>Sinopse:<\/p>\n<p>Na Sexta-feira (21\/04) ser\u00e1 exibido <strong>\u201cO menino no espelho<\/strong>\u201d \u2013 Fernando (Lino Facioli0 \u00e9 um garoto de 10 anos que est\u00e1 cansado de fazer as coisas chatas da vida. Seu sonho era criar um s\u00f3sia, que ficasse com estas tarefas enquanto ele poderia se divertir \u00e0 vontade. At\u00e9 que, um dia, \u00e9 exatamente isto que acontece, quando o reflexo de Fernando deixa o espelho e ganha vida. Classifica\u00e7\u00e3o livre.<\/p>\n<p>S\u00e1bado (22\/04): \u201c<strong>Que horas ela volta?\u201d <\/strong>\u2013 Um turbilh\u00e3o de sentimentos no reencontro de Val (Regina Cas\u00e9) e sua filha. Depois de anos sem ver a menina, a empregada dom\u00e9stica passa a morar com ela, j\u00e1 mo\u00e7a feita, na casa dos patr\u00f5es. Classifica\u00e7\u00e3o: 12 anos.<\/p>\n<p>Domingo (23\/04): <strong>\u201cZootopia\u201d<\/strong> \u2013 Judy Hopps \u00e9 a pequena coelha de uma fazenda isolada, filha de agricultores que plantam cenouras h\u00e1 d\u00e9cadas. Mas ela tem sonhos maiores: pretende se mudar para a cidade grande, Zootopia, onde todas as esp\u00e9cies de animais vivem em harmonia, na inten\u00e7\u00e3o de se tornar a primeira coelha policial. Judy enfrenta o preconceito e as manipula\u00e7\u00f5es dos outros animais, mas conta com a\u00a0 ajuda inesperada da raposa Nick Wild, conhecida por sua mal\u00edcia e suas infra\u00e7\u00f5es. A inesperada dupla se dedica \u00e0 busca de um animal desaparecido, descobrindo uma conspira\u00e7\u00e3o que afeta toda a cidade. Classifica\u00e7\u00e3o livre.<\/p>\n<p><strong>CARIRI EM A\u00c7\u00c3O<\/strong><\/p>\n<p>Ascom PMS<\/p>\n<p>Leia mais not\u00edcias em\u00a0<a href=\"http:\/\/www.caririemacao.com\/\">caririemacao.com<\/a>, siga nossa p\u00e1gina no<a href=\"https:\/\/www.facebook.com\/CaririEmAcao\/\">\u00a0Facebook<\/a>\u00a0e\u00a0<a href=\"https:\/\/www.instagram.com\/cariri_em_acao\/?hl=pt-br\">Instagram<\/a>\u00a0veja nossas mat\u00e9rias e fotos. Voc\u00ea tamb\u00e9m pode enviar informa\u00e7\u00f5es \u00e0 Reda\u00e7\u00e3o do Portal Cariri em A\u00e7\u00e3o pelo WhatsApp (83) 9 9634.5791, (83) 9 9601-1162.<\/p>\n","protected":false},"excerpt":{"rendered":"<p>O CineSesi Cultural estar\u00e1 em Sum\u00e9 de 21 a 23 de abril com exibi\u00e7\u00e3o de filmes em pra\u00e7a p\u00fablica em Sum\u00e9. Os filmes ser\u00e3o exibidos&hellip; <\/p>\n","protected":false},"author":2,"featured_media":17959,"comment_status":"closed","ping_status":"closed","sticky":false,"template":"","format":"standard","meta":{"sfsi_plus_gutenberg_text_before_share":"","sfsi_plus_gutenberg_show_text_before_share":"","sfsi_plus_gutenberg_icon_type":"","sfsi_plus_gutenberg_icon_alignemt":"","sfsi_plus_gutenburg_max_per_row":"","footnotes":""},"categories":[6],"tags":[],"class_list":["post-17958","post","type-post","status-publish","format-standard","has-post-thumbnail","hentry","category-cidades"],"_links":{"self":[{"href":"https:\/\/www.caririemacao.com\/1\/wp-json\/wp\/v2\/posts\/17958","targetHints":{"allow":["GET"]}}],"collection":[{"href":"https:\/\/www.caririemacao.com\/1\/wp-json\/wp\/v2\/posts"}],"about":[{"href":"https:\/\/www.caririemacao.com\/1\/wp-json\/wp\/v2\/types\/post"}],"author":[{"embeddable":true,"href":"https:\/\/www.caririemacao.com\/1\/wp-json\/wp\/v2\/users\/2"}],"replies":[{"embeddable":true,"href":"https:\/\/www.caririemacao.com\/1\/wp-json\/wp\/v2\/comments?post=17958"}],"version-history":[{"count":0,"href":"https:\/\/www.caririemacao.com\/1\/wp-json\/wp\/v2\/posts\/17958\/revisions"}],"wp:featuredmedia":[{"embeddable":true,"href":"https:\/\/www.caririemacao.com\/1\/wp-json\/wp\/v2\/media\/17959"}],"wp:attachment":[{"href":"https:\/\/www.caririemacao.com\/1\/wp-json\/wp\/v2\/media?parent=17958"}],"wp:term":[{"taxonomy":"category","embeddable":true,"href":"https:\/\/www.caririemacao.com\/1\/wp-json\/wp\/v2\/categories?post=17958"},{"taxonomy":"post_tag","embeddable":true,"href":"https:\/\/www.caririemacao.com\/1\/wp-json\/wp\/v2\/tags?post=17958"}],"curies":[{"name":"wp","href":"https:\/\/api.w.org\/{rel}","templated":true}]}}