{"id":179584,"date":"2020-07-20T09:27:35","date_gmt":"2020-07-20T12:27:35","guid":{"rendered":"https:\/\/www.caririemacao.com\/1\/?p=179584"},"modified":"2020-07-20T09:27:35","modified_gmt":"2020-07-20T12:27:35","slug":"mulher-e-crianca-sao-esfaqueadas-na-paraiba-e-ex-marido-e-principal-suspeito","status":"publish","type":"post","link":"https:\/\/www.caririemacao.com\/1\/2020\/07\/20\/mulher-e-crianca-sao-esfaqueadas-na-paraiba-e-ex-marido-e-principal-suspeito\/","title":{"rendered":"Mulher e crian\u00e7a s\u00e3o esfaqueadas, na Para\u00edba, e ex-marido \u00e9 principal suspeito"},"content":{"rendered":"\n<p>Uma jovem de 21 anos foi atingida por golpes de faca nas costas e no bra\u00e7o, na noite deste domingo (19), em Cruz do Esp\u00edrito Santo, na Para\u00edba. De acordo com informa\u00e7\u00f5es da Pol\u00edcia Militar, o principal suspeito do crime \u00e9 o ex-marido dela. Uma crian\u00e7a de um ano de 7 meses, filha do casal, tamb\u00e9m foi atingida por golpes de faca na cabe\u00e7a.<\/p>\n\n\n\n<p>A v\u00edtima estava separada do marido h\u00e1 cerca de 15 dias. Ele voltou para a casa onde morava com ela, neste domingo, e a atingiu com as facadas. O pai da jovem tentou defender a filha e levou uma pancada na boca.<\/p>\n\n\n\n<p>A irm\u00e3 da v\u00edtima, de 14 anos, tamb\u00e9m foi atingido com v\u00e1rios socos e est\u00e1 entubada no Hospital de Emerg\u00eancia e Trauma de Jo\u00e3o Pessoa em estado grave. A crian\u00e7a foi atendida no Posto de Sa\u00fade da cidade, sem gravidade. O estado de sa\u00fade da mulher \u00e9 considerado est\u00e1vel.<\/p>\n\n\n\n<p>O suspeito, ap\u00f3s o crime, conseguiu fugir em uma moto. At\u00e9 as 7h40, ele n\u00e3o havia sido localizado ou preso. A Pol\u00edcia Civil investiga o caso.<\/p>\n\n\n\n<p>Com G1 PB<\/p>\n","protected":false},"excerpt":{"rendered":"<p>Uma jovem de 21 anos foi atingida por golpes de faca nas costas e no bra\u00e7o, na noite deste domingo (19), em Cruz do Esp\u00edrito&hellip; <\/p>\n","protected":false},"author":1,"featured_media":179602,"comment_status":"closed","ping_status":"closed","sticky":false,"template":"","format":"standard","meta":{"sfsi_plus_gutenberg_text_before_share":"","sfsi_plus_gutenberg_show_text_before_share":"","sfsi_plus_gutenberg_icon_type":"","sfsi_plus_gutenberg_icon_alignemt":"","sfsi_plus_gutenburg_max_per_row":"","footnotes":""},"categories":[50],"tags":[],"class_list":["post-179584","post","type-post","status-publish","format-standard","has-post-thumbnail","hentry","category-destaque"],"_links":{"self":[{"href":"https:\/\/www.caririemacao.com\/1\/wp-json\/wp\/v2\/posts\/179584","targetHints":{"allow":["GET"]}}],"collection":[{"href":"https:\/\/www.caririemacao.com\/1\/wp-json\/wp\/v2\/posts"}],"about":[{"href":"https:\/\/www.caririemacao.com\/1\/wp-json\/wp\/v2\/types\/post"}],"author":[{"embeddable":true,"href":"https:\/\/www.caririemacao.com\/1\/wp-json\/wp\/v2\/users\/1"}],"replies":[{"embeddable":true,"href":"https:\/\/www.caririemacao.com\/1\/wp-json\/wp\/v2\/comments?post=179584"}],"version-history":[{"count":1,"href":"https:\/\/www.caririemacao.com\/1\/wp-json\/wp\/v2\/posts\/179584\/revisions"}],"predecessor-version":[{"id":179604,"href":"https:\/\/www.caririemacao.com\/1\/wp-json\/wp\/v2\/posts\/179584\/revisions\/179604"}],"wp:featuredmedia":[{"embeddable":true,"href":"https:\/\/www.caririemacao.com\/1\/wp-json\/wp\/v2\/media\/179602"}],"wp:attachment":[{"href":"https:\/\/www.caririemacao.com\/1\/wp-json\/wp\/v2\/media?parent=179584"}],"wp:term":[{"taxonomy":"category","embeddable":true,"href":"https:\/\/www.caririemacao.com\/1\/wp-json\/wp\/v2\/categories?post=179584"},{"taxonomy":"post_tag","embeddable":true,"href":"https:\/\/www.caririemacao.com\/1\/wp-json\/wp\/v2\/tags?post=179584"}],"curies":[{"name":"wp","href":"https:\/\/api.w.org\/{rel}","templated":true}]}}