{"id":179586,"date":"2020-07-20T09:17:53","date_gmt":"2020-07-20T12:17:53","guid":{"rendered":"https:\/\/www.caririemacao.com\/1\/?p=179586"},"modified":"2020-07-20T09:17:53","modified_gmt":"2020-07-20T12:17:53","slug":"classicos-sem-publico-marcam-rodada-da-volta-do-futebol-no-pr-e-em-pe","status":"publish","type":"post","link":"https:\/\/www.caririemacao.com\/1\/2020\/07\/20\/classicos-sem-publico-marcam-rodada-da-volta-do-futebol-no-pr-e-em-pe\/","title":{"rendered":"Cl\u00e1ssicos sem p\u00fablico marcam rodada da volta do futebol no PR e em PE"},"content":{"rendered":"\n<h2 class=\"wp-block-heading\"><\/h2>\n\n\n\n<p>A volta das competi\u00e7\u00f5es de futebol no Brasil, ap\u00f3s quase quatro meses, devido \u00e0 pandemia do novo coronav\u00edrus (covid-19), tem sido marcada por cl\u00e1ssicos pelo pa\u00eds. Em Pernambuco, n\u00e3o foi diferente, apesar do cen\u00e1rio no qual Sport e Santa Cruz se enfrentaram, na Ilha do Retiro, em Recife, nem de longe ser o do &#8220;Cl\u00e1ssico das Multid\u00f5es&#8221;, como o duelo \u00e9 conhecido. Por exig\u00eancia da autoridade sanit\u00e1ria, a partida foi realizada com port\u00f5es fechados.<img decoding=\"async\" data-src=\"https:\/\/agenciabrasil.ebc.com.br\/ebc.png?id=1311866&amp;o=node\" src=\"data:image\/svg+xml;base64,PHN2ZyB3aWR0aD0iMSIgaGVpZ2h0PSIxIiB4bWxucz0iaHR0cDovL3d3dy53My5vcmcvMjAwMC9zdmciPjwvc3ZnPg==\" class=\"lazyload\"><\/p>\n\n\n\n<p>Sem o apoio do torcedor e diante do rival mais bem colocado no campeonato pernambucano, o Sport se complicou neste&nbsp;domingo&nbsp;(19). A derrota por 2 a 1, pela nona e \u00faltima rodada da primeira fase, deixou o Le\u00e3o fora do mata-mata. Pior: o time rubro-negro, que acabou de assegurar a&nbsp;volta \u00e0 S\u00e9rie A do Campeonato Brasileiro,&nbsp;ter\u00e1 que disputar um quadrangular, em turno \u00fanico, com Petrolina, Decis\u00e3o e Vit\u00f3ria das Tabocas, que definir\u00e1 os dois rebaixados \u00e0&nbsp;segunda&nbsp;divis\u00e3o do Estadual.<\/p>\n\n\n\n<p>O Sport, que iniciou o fim de semana em quinto lugar, com 11 pontos, foi prejudicado pelas vit\u00f3rias do Central sobre o Decis\u00e3o (5 a 0) e do Afogados para cima do Vit\u00f3ria (1 a 0). Ambos foram a 13 pontos. O Santa Cruz, que j\u00e1 estava com o primeiro lugar assegurado, saiu na frente aos 40 minutos do primeiro tempo, com o atacante Pipico. O centroavante Hernane, aos 19 minutos da etapa final, deu esperan\u00e7a \u00e0 torcida do Le\u00e3o. Mas, nos acr\u00e9scimos, Pipico garantiu a oitava vit\u00f3ria tricolor em nove jogos pelo Estadual e, de quebra, assumiu a artilharia do certame, com seis gols.<\/p>\n\n\n\n<p>Santa e Salgueiro, que avan\u00e7ou em segundo lugar, v\u00e3o direto \u00e0 semifinal do Pernambucano. Nas quartas de final, o N\u00e1utico (que se classificou em quarto, ap\u00f3s superar o Salgueiro por 2 a 1)&nbsp;ter\u00e1 pela frente o Central, enquanto o Retr\u00f4, que goleou o Petrolina por 5 a 0 e se manteve em terceiro, enfrentar\u00e1 o Afogados. O mata-mata ser\u00e1 no pr\u00f3ximo&nbsp;domingo&nbsp;(26).<\/p>\n\n\n\n<h2 class=\"wp-block-heading\">Campeonato Paranaense<\/h2>\n\n\n\n<p>O Coritiba saiu na frente do Paran\u00e1 no cl\u00e1ssico das quartas de final do Campeonato Paranaense, disputado na Vila Capanema. Neste&nbsp;domingo, o Coxa fez 1 a 0 e tem a vantagem do empate no jogo de volta &#8211; ainda n\u00e3o agendado. O atacante Robson, ap\u00f3s uma troca de passes, assinalou o gol da vit\u00f3ria alviverde aos cinco minutos do segundo tempo.<\/p>\n\n\n\n<p>Assim como em Pernambuco, as partidas do Paranaense s\u00e3o realizadas com port\u00f5es fechados. Os times, ali\u00e1s, tiveram baixas para o duelo por conta da covid-19. O goleiro Muralha, do Coritiba, e o atacante Andrey, do Paran\u00e1, testaram positivo e sequer foram relacionados. Ambos os jogadores, segundo os clubes, est\u00e3o assintom\u00e1ticos e em isolamento.<\/p>\n\n\n\n<p>No&nbsp;s\u00e1bado&nbsp;(18),&nbsp;mais duas partidas marcaram o retorno da competi\u00e7\u00e3o. Atuando como mandante, mas, sem poder jogar em Paranagu\u00e1 (PR) por conta do decreto estadual que pro\u00edbe eventos na cidade em raz\u00e3o da pandemia, e com apenas um atleta no banco, o Rio Branco foi presa f\u00e1cil para o Futebol Clube Cascavel, perdendo por 3 a 0 em Ponta Grossa (PR).<\/p>\n\n\n\n<p>Uma curiosidade \u00e9 que, no time titular do Rio Branco, estava o atacante Ratinho, 40 anos,&nbsp;hoje&nbsp;vereador em Paranagu\u00e1 e que estava aposentado dos gramados h\u00e1 quatro anos. \u00cddolo do clube, ele&nbsp;tinha sido inscrito no Estadual para ser homenageado, mas, precisou entrar em campo. Com a vit\u00f3ria, o Cascavel pode at\u00e9 perder por dois gols de diferen\u00e7a no reencontro entre as equipes &#8211; ainda n\u00e3o marcado &#8211; que se classifica.<\/p>\n\n\n\n<p>No outro duelo, o Oper\u00e1rio (que \u00e9 de Ponta Grossa) bateu o Cianorte, fora de casa, por 1 a 0. O Fantasma tem a vantagem do empate na partida de volta, tamb\u00e9m sem data confirmada pela Federa\u00e7\u00e3o Paranaense de Futebol (FPF). Por fim, Londrina e Athletico&nbsp;empataram por 1 a 1 e seguem com a obriga\u00e7\u00e3o da ganhar o segundo jogo, para se classificarem no tempo normal. A partida foi realizada&nbsp;em Corn\u00e9lio Proc\u00f3pio (PR), j\u00e1 que a prefeitura de Londrina (PR) n\u00e3o autorizou a realiza\u00e7\u00e3o da partida na cidade, por conta da pandemia.<\/p>\n\n\n\n<h2 class=\"wp-block-heading\">Campeonato Cearense<\/h2>\n\n\n\n<p>O Cl\u00e1ssico-Rei entre Cear\u00e1 e Fortaleza decidir\u00e1 o t\u00edtulo do Campeonato Cearense. Neste&nbsp;domingo, na vazia Arena Castel\u00e3o, em fun\u00e7\u00e3o do combate \u00e0 covid-19, o Voz\u00e3o superou o Ferrovi\u00e1rio por 1 a 0, gol do meia Felipe Baixola ap\u00f3s cruzamento do atacante Rafael S\u00f3bis, e garantiu vaga na final contra o maior rival &#8211; que eliminou o Guarany de Sobral no&nbsp;s\u00e1bado, ao vencer tamb\u00e9m por 1 a 0, com gol do atacante Orob\u00f3.<\/p>\n\n\n\n<p>Alvinegros e tricolores se enfrentaram duas vezes em 2020. Pela Copa do Nordeste, em fevereiro, empate por 1 a 1. Na \u00faltima&nbsp;quarta-feira (15), pelo Estadual, deu Fortaleza, 2 a 1. O resultado igualou o retrospecto do t\u00e9cnico do Le\u00e3o, Rog\u00e9rio Ceni, nos duelos contra o Voz\u00e3o &#8211; s\u00e3o quatro vit\u00f3rias para cada lado, al\u00e9m de quatro empates.<\/p>\n","protected":false},"excerpt":{"rendered":"<p>A volta das competi\u00e7\u00f5es de futebol no Brasil, ap\u00f3s quase quatro meses, devido \u00e0 pandemia do novo coronav\u00edrus (covid-19), tem sido marcada por cl\u00e1ssicos pelo&hellip; <\/p>\n","protected":false},"author":2,"featured_media":178893,"comment_status":"closed","ping_status":"closed","sticky":false,"template":"","format":"standard","meta":{"sfsi_plus_gutenberg_text_before_share":"","sfsi_plus_gutenberg_show_text_before_share":"","sfsi_plus_gutenberg_icon_type":"","sfsi_plus_gutenberg_icon_alignemt":"","sfsi_plus_gutenburg_max_per_row":"","footnotes":""},"categories":[13],"tags":[],"class_list":["post-179586","post","type-post","status-publish","format-standard","has-post-thumbnail","hentry","category-esportes"],"_links":{"self":[{"href":"https:\/\/www.caririemacao.com\/1\/wp-json\/wp\/v2\/posts\/179586","targetHints":{"allow":["GET"]}}],"collection":[{"href":"https:\/\/www.caririemacao.com\/1\/wp-json\/wp\/v2\/posts"}],"about":[{"href":"https:\/\/www.caririemacao.com\/1\/wp-json\/wp\/v2\/types\/post"}],"author":[{"embeddable":true,"href":"https:\/\/www.caririemacao.com\/1\/wp-json\/wp\/v2\/users\/2"}],"replies":[{"embeddable":true,"href":"https:\/\/www.caririemacao.com\/1\/wp-json\/wp\/v2\/comments?post=179586"}],"version-history":[{"count":1,"href":"https:\/\/www.caririemacao.com\/1\/wp-json\/wp\/v2\/posts\/179586\/revisions"}],"predecessor-version":[{"id":179588,"href":"https:\/\/www.caririemacao.com\/1\/wp-json\/wp\/v2\/posts\/179586\/revisions\/179588"}],"wp:featuredmedia":[{"embeddable":true,"href":"https:\/\/www.caririemacao.com\/1\/wp-json\/wp\/v2\/media\/178893"}],"wp:attachment":[{"href":"https:\/\/www.caririemacao.com\/1\/wp-json\/wp\/v2\/media?parent=179586"}],"wp:term":[{"taxonomy":"category","embeddable":true,"href":"https:\/\/www.caririemacao.com\/1\/wp-json\/wp\/v2\/categories?post=179586"},{"taxonomy":"post_tag","embeddable":true,"href":"https:\/\/www.caririemacao.com\/1\/wp-json\/wp\/v2\/tags?post=179586"}],"curies":[{"name":"wp","href":"https:\/\/api.w.org\/{rel}","templated":true}]}}