{"id":179590,"date":"2020-07-20T09:19:22","date_gmt":"2020-07-20T12:19:22","guid":{"rendered":"https:\/\/www.caririemacao.com\/1\/?p=179590"},"modified":"2020-07-20T09:19:22","modified_gmt":"2020-07-20T12:19:22","slug":"bolsonaro-diz-que-projeto-de-fake-news-limita-liberdade-de-expressao","status":"publish","type":"post","link":"https:\/\/www.caririemacao.com\/1\/2020\/07\/20\/bolsonaro-diz-que-projeto-de-fake-news-limita-liberdade-de-expressao\/","title":{"rendered":"Bolsonaro diz que projeto de fake news limita liberdade de express\u00e3o"},"content":{"rendered":"\n<h2 class=\"wp-block-heading\"><\/h2>\n\n\n\n<p>O presidente Jair Bolsonaro disse neste s\u00e1bado (18) que a proposta de criar uma lei de combate \u00e0s not\u00edcias falsas \u00e9 uma tentativa de limitar a liberdade de express\u00e3o. -Voc\u00eas sabem que a liberdade de express\u00e3o \u00e9 essencial se voc\u00ea quer falar em democracia. O Congresso est\u00e1 discutindo aqui, j\u00e1 passou no Senado, est\u00e1 na C\u00e2mara, seria a lei das fake news. Acho que \u00e9 mais uma maneira de botar limites na liberdade de express\u00e3o-, disse em encontro com apoiadores em frente ao Pal\u00e1cio da Alvorada.<br><br>Bolsonaro acrescentou que uma regulamenta\u00e7\u00e3o mais rigorosa das redes sociais poderia inibir a livre manifesta\u00e7\u00e3o de opini\u00f5es. Para o presidente da Rep\u00fablica, na internet n\u00e3o deve haver limites, e quem se sentir prejudicado, deve buscar seus direitos na Justi\u00e7a. -Voc\u00ea nunca vai saber qual o limite. Vai virar um terreno onde voc\u00ea vai perder a liberdade. Voc\u00ea n\u00e3o vai mais poder se manifestar sobre nada. E [foi] essa liberdade de express\u00e3o, essas m\u00eddias sociais, que me botou aqui na Presid\u00eancia-, disse o presidente.<br><br>No fim de junho, o Senado aprovou um projeto de lei com o objetivo de combater a dissemina\u00e7\u00e3o de informa\u00e7\u00f5es falsas por meio das redes sociais e servi\u00e7os de mensagem. O texto agora depende da an\u00e1lise da C\u00e2mara dos Deputados.<br><br>Separado do grupo de apoiadores que o aguardavam, do outro lado do espelho d\u2019\u00e1gua do Pal\u00e1cio da Alvorada, Bolsonaro voltou, tamb\u00e9m, a falar da pandemia do novo coronav\u00edrus (covid-19). Ele disse esperar que governadores e prefeitos diminuam cada vez mais as medidas de isolamento social.<br><br>Com o grupo de apoiadores, o presidente cantou o Hino Nacional, durante cerim\u00f4nia de arreamento da Bandeira Brasileira, que ocorre todas as tardes, \u00e0s 18h, no local.<\/p>\n","protected":false},"excerpt":{"rendered":"<p>O presidente Jair Bolsonaro disse neste s\u00e1bado (18) que a proposta de criar uma lei de combate \u00e0s not\u00edcias falsas \u00e9 uma tentativa de limitar&hellip; <\/p>\n","protected":false},"author":2,"featured_media":179591,"comment_status":"closed","ping_status":"closed","sticky":false,"template":"","format":"standard","meta":{"sfsi_plus_gutenberg_text_before_share":"","sfsi_plus_gutenberg_show_text_before_share":"","sfsi_plus_gutenberg_icon_type":"","sfsi_plus_gutenberg_icon_alignemt":"","sfsi_plus_gutenburg_max_per_row":"","footnotes":""},"categories":[11],"tags":[],"class_list":["post-179590","post","type-post","status-publish","format-standard","has-post-thumbnail","hentry","category-politica"],"_links":{"self":[{"href":"https:\/\/www.caririemacao.com\/1\/wp-json\/wp\/v2\/posts\/179590","targetHints":{"allow":["GET"]}}],"collection":[{"href":"https:\/\/www.caririemacao.com\/1\/wp-json\/wp\/v2\/posts"}],"about":[{"href":"https:\/\/www.caririemacao.com\/1\/wp-json\/wp\/v2\/types\/post"}],"author":[{"embeddable":true,"href":"https:\/\/www.caririemacao.com\/1\/wp-json\/wp\/v2\/users\/2"}],"replies":[{"embeddable":true,"href":"https:\/\/www.caririemacao.com\/1\/wp-json\/wp\/v2\/comments?post=179590"}],"version-history":[{"count":1,"href":"https:\/\/www.caririemacao.com\/1\/wp-json\/wp\/v2\/posts\/179590\/revisions"}],"predecessor-version":[{"id":179592,"href":"https:\/\/www.caririemacao.com\/1\/wp-json\/wp\/v2\/posts\/179590\/revisions\/179592"}],"wp:featuredmedia":[{"embeddable":true,"href":"https:\/\/www.caririemacao.com\/1\/wp-json\/wp\/v2\/media\/179591"}],"wp:attachment":[{"href":"https:\/\/www.caririemacao.com\/1\/wp-json\/wp\/v2\/media?parent=179590"}],"wp:term":[{"taxonomy":"category","embeddable":true,"href":"https:\/\/www.caririemacao.com\/1\/wp-json\/wp\/v2\/categories?post=179590"},{"taxonomy":"post_tag","embeddable":true,"href":"https:\/\/www.caririemacao.com\/1\/wp-json\/wp\/v2\/tags?post=179590"}],"curies":[{"name":"wp","href":"https:\/\/api.w.org\/{rel}","templated":true}]}}