{"id":179594,"date":"2020-07-20T09:22:51","date_gmt":"2020-07-20T12:22:51","guid":{"rendered":"https:\/\/www.caririemacao.com\/1\/?p=179594"},"modified":"2020-07-20T09:23:05","modified_gmt":"2020-07-20T12:23:05","slug":"congresso-poe-em-xeque-articulacao-de-bolsonaro","status":"publish","type":"post","link":"https:\/\/www.caririemacao.com\/1\/2020\/07\/20\/congresso-poe-em-xeque-articulacao-de-bolsonaro\/","title":{"rendered":"Congresso p\u00f5e em xeque articula\u00e7\u00e3o de Bolsonaro"},"content":{"rendered":"\n<h2 class=\"wp-block-heading\"><\/h2>\n\n\n\n<p>A articula\u00e7\u00e3o pol\u00edtica do governo de Jair Bolsonaro no Congresso vai enfrentar uma prova de fogo nos pr\u00f3ximos dias. Ap\u00f3s sofrer tr\u00eas derrotas importantes na C\u00e2mara, nesta semana, o Pal\u00e1cio do Planalto tenta reverter a crise acelerando a transfer\u00eancia de recursos para redutos de parlamentares antes das elei\u00e7\u00f5es municipais de novembro. At\u00e9 agora, no entanto, Bolsonaro n\u00e3o tem conseguido votos suficientes para fazer valer sua vontade no plen\u00e1rio.<br><br>Nem mesmo os cargos que o Planalto distribuiu para partidos do Centr\u00e3o, recentemente, fizeram com que o bloco se unisse no apoio fechado ao governo. Agora, o teste para saber se Bolsonaro de fato construiu uma base no Congresso quando se aliou ao Centr\u00e3o ocorrer\u00e1 na vota\u00e7\u00e3o de vetos presidenciais a projetos aprovados pelo Congresso, prevista para a semana que vem.<br><br>Para segurar a dispers\u00e3o da base, o ministro da Secretaria de Governo, Luiz Eduardo Ramos, vai se reunir com l\u00edderes da C\u00e2mara e do Senado, na ter\u00e7a-feira, quando tentar\u00e1 nova negocia\u00e7\u00e3o com os parlamentares.<br><br>As derrotas impostas a Bolsonaro acenderam o sinal amarelo no Planalto. A contragosto da equipe econ\u00f4mica, por exemplo, a C\u00e2mara aprovou projeto que j\u00e1 havia passado pelo Senado e prev\u00ea indeniza\u00e7\u00e3o de R$ 50 mil para profissionais de sa\u00fade incapacitados de trabalhar, ap\u00f3s contamina\u00e7\u00e3o pelo coronav\u00edrus. Al\u00e9m disso, deputados tamb\u00e9m deram sinal verde para o projeto que prev\u00ea socorro financeiro de at\u00e9 R$ 1,6 bilh\u00e3o ao setor esportivo.<br><br>O governo tentou tirar a proposta da pauta, mas n\u00e3o conseguiu. O terceiro rev\u00e9s ocorreu com a retomada da discuss\u00e3o da reforma tribut\u00e1ria sem a participa\u00e7\u00e3o do ministro da Economia, Paulo Guedes. A iniciativa do presidente da C\u00e2mara, Rodrigo Maia (DEM-RJ), foi vista como uma forma de pressionar Guedes a enviar o projeto, o que deve ser feito na ter\u00e7a-feira.<\/p>\n","protected":false},"excerpt":{"rendered":"<p>A articula\u00e7\u00e3o pol\u00edtica do governo de Jair Bolsonaro no Congresso vai enfrentar uma prova de fogo nos pr\u00f3ximos dias. Ap\u00f3s sofrer tr\u00eas derrotas importantes na&hellip; <\/p>\n","protected":false},"author":2,"featured_media":179595,"comment_status":"closed","ping_status":"closed","sticky":false,"template":"","format":"standard","meta":{"sfsi_plus_gutenberg_text_before_share":"","sfsi_plus_gutenberg_show_text_before_share":"","sfsi_plus_gutenberg_icon_type":"","sfsi_plus_gutenberg_icon_alignemt":"","sfsi_plus_gutenburg_max_per_row":"","footnotes":""},"categories":[11],"tags":[],"class_list":["post-179594","post","type-post","status-publish","format-standard","has-post-thumbnail","hentry","category-politica"],"_links":{"self":[{"href":"https:\/\/www.caririemacao.com\/1\/wp-json\/wp\/v2\/posts\/179594","targetHints":{"allow":["GET"]}}],"collection":[{"href":"https:\/\/www.caririemacao.com\/1\/wp-json\/wp\/v2\/posts"}],"about":[{"href":"https:\/\/www.caririemacao.com\/1\/wp-json\/wp\/v2\/types\/post"}],"author":[{"embeddable":true,"href":"https:\/\/www.caririemacao.com\/1\/wp-json\/wp\/v2\/users\/2"}],"replies":[{"embeddable":true,"href":"https:\/\/www.caririemacao.com\/1\/wp-json\/wp\/v2\/comments?post=179594"}],"version-history":[{"count":1,"href":"https:\/\/www.caririemacao.com\/1\/wp-json\/wp\/v2\/posts\/179594\/revisions"}],"predecessor-version":[{"id":179596,"href":"https:\/\/www.caririemacao.com\/1\/wp-json\/wp\/v2\/posts\/179594\/revisions\/179596"}],"wp:featuredmedia":[{"embeddable":true,"href":"https:\/\/www.caririemacao.com\/1\/wp-json\/wp\/v2\/media\/179595"}],"wp:attachment":[{"href":"https:\/\/www.caririemacao.com\/1\/wp-json\/wp\/v2\/media?parent=179594"}],"wp:term":[{"taxonomy":"category","embeddable":true,"href":"https:\/\/www.caririemacao.com\/1\/wp-json\/wp\/v2\/categories?post=179594"},{"taxonomy":"post_tag","embeddable":true,"href":"https:\/\/www.caririemacao.com\/1\/wp-json\/wp\/v2\/tags?post=179594"}],"curies":[{"name":"wp","href":"https:\/\/api.w.org\/{rel}","templated":true}]}}