{"id":179598,"date":"2020-07-20T09:24:41","date_gmt":"2020-07-20T12:24:41","guid":{"rendered":"https:\/\/www.caririemacao.com\/1\/?p=179598"},"modified":"2020-07-20T09:24:41","modified_gmt":"2020-07-20T12:24:41","slug":"desemprego-vai-bater-recorde-no-3o-trimestre-e-atingir-15-milhoes","status":"publish","type":"post","link":"https:\/\/www.caririemacao.com\/1\/2020\/07\/20\/desemprego-vai-bater-recorde-no-3o-trimestre-e-atingir-15-milhoes\/","title":{"rendered":"Desemprego vai bater recorde no 3\u00ba trimestre e atingir 15 milh\u00f5es"},"content":{"rendered":"\n<h2 class=\"wp-block-heading\"><\/h2>\n\n\n\n<p>Em alta desde os primeiros casos de covid-19 no Pa\u00eds, o desemprego s\u00f3 deve atingir o pico no trimestre encerrado em setembro, quando alcan\u00e7ar\u00e1 14,5%. As proje\u00e7\u00f5es s\u00e3o da consultoria IDados a partir da Pesquisa Nacional por Amostra de Domic\u00edlios (Pnad) Cont\u00ednua, do IBGE, e consideram cen\u00e1rio que inclui a quebradeira nas empresas provocada pela pandemia e a maior procura por trabalho.<br><br>Entre julho e setembro deste ano, 15 milh\u00f5es de trabalhadores podem ficar sem ocupa\u00e7\u00e3o, pelos efeitos da crise. A estimativa considera tanto os trabalhos formais quanto os informais e, se confirmada, significaria uma taxa de desocupa\u00e7\u00e3o recorde. At\u00e9 agora, o maior porcentual registrado pela pesquisa foi de 13,7%, ou 14 milh\u00f5es de brasileiros. O patamar foi observado em mar\u00e7o de 2017, logo ap\u00f3s a \u00faltima recess\u00e3o.<br><br>O economista Bruno Ottoni, pesquisador da IDados, lembra que o mercado de trabalho tem um comportamento mais lento do que o restante da economia. \u201cNesta crise, vamos ver esse efeito de volta dos trabalhadores no terceiro trimestre, quando as cidades reabrindo e as pessoas que ficaram desempregadas voltarem a buscar trabalho. O problema \u00e9 que as vagas v\u00e3o demorar a aparecer.\u201d<br><br>No caso da vendedora Maria da Guia dos Santos, de 50 anos, os \u00faltimos meses n\u00e3o t\u00eam sido nada f\u00e1ceis. Trabalhando por toda a vida em uma feira de artesanatos na orla do Rio de Janeiro, ela se viu sem poder trabalhar. \u201cA gente lutou por anos para legalizar a feira, tudo parecia bem. Ent\u00e3o, apareceu essa doen\u00e7a maldita e o que a gente conquistou foi reduzido a p\u00f3.\u201d<br><br>O mercado de trabalho tem sentido os efeitos da quarentena. No trimestre at\u00e9 maio, o Pa\u00eds teve pela primeira vez um n\u00famero maior de desempregados do que empregados, entre os brasileiros em idade para trabalhar. Al\u00e9m disso, como uma reportagem do Estad\u00e3o apontou, o desemprego n\u00e3o tem crescido tanto porque vem sendo atenuado por quedas significativas da taxa de participa\u00e7\u00e3o \u2013 as pessoas deixam de procurar emprego por causa da pandemia e param de aparecer nas estat\u00edsticas de desocupa\u00e7\u00e3o, fazendo o desemprego parecer menor.<\/p>\n","protected":false},"excerpt":{"rendered":"<p>Em alta desde os primeiros casos de covid-19 no Pa\u00eds, o desemprego s\u00f3 deve atingir o pico no trimestre encerrado em setembro, quando alcan\u00e7ar\u00e1 14,5%.&hellip; <\/p>\n","protected":false},"author":2,"featured_media":179599,"comment_status":"closed","ping_status":"closed","sticky":false,"template":"","format":"standard","meta":{"sfsi_plus_gutenberg_text_before_share":"","sfsi_plus_gutenberg_show_text_before_share":"","sfsi_plus_gutenberg_icon_type":"","sfsi_plus_gutenberg_icon_alignemt":"","sfsi_plus_gutenburg_max_per_row":"","footnotes":""},"categories":[2],"tags":[],"class_list":["post-179598","post","type-post","status-publish","format-standard","has-post-thumbnail","hentry","category-geral"],"_links":{"self":[{"href":"https:\/\/www.caririemacao.com\/1\/wp-json\/wp\/v2\/posts\/179598","targetHints":{"allow":["GET"]}}],"collection":[{"href":"https:\/\/www.caririemacao.com\/1\/wp-json\/wp\/v2\/posts"}],"about":[{"href":"https:\/\/www.caririemacao.com\/1\/wp-json\/wp\/v2\/types\/post"}],"author":[{"embeddable":true,"href":"https:\/\/www.caririemacao.com\/1\/wp-json\/wp\/v2\/users\/2"}],"replies":[{"embeddable":true,"href":"https:\/\/www.caririemacao.com\/1\/wp-json\/wp\/v2\/comments?post=179598"}],"version-history":[{"count":1,"href":"https:\/\/www.caririemacao.com\/1\/wp-json\/wp\/v2\/posts\/179598\/revisions"}],"predecessor-version":[{"id":179600,"href":"https:\/\/www.caririemacao.com\/1\/wp-json\/wp\/v2\/posts\/179598\/revisions\/179600"}],"wp:featuredmedia":[{"embeddable":true,"href":"https:\/\/www.caririemacao.com\/1\/wp-json\/wp\/v2\/media\/179599"}],"wp:attachment":[{"href":"https:\/\/www.caririemacao.com\/1\/wp-json\/wp\/v2\/media?parent=179598"}],"wp:term":[{"taxonomy":"category","embeddable":true,"href":"https:\/\/www.caririemacao.com\/1\/wp-json\/wp\/v2\/categories?post=179598"},{"taxonomy":"post_tag","embeddable":true,"href":"https:\/\/www.caririemacao.com\/1\/wp-json\/wp\/v2\/tags?post=179598"}],"curies":[{"name":"wp","href":"https:\/\/api.w.org\/{rel}","templated":true}]}}