{"id":179603,"date":"2020-07-20T09:28:48","date_gmt":"2020-07-20T12:28:48","guid":{"rendered":"https:\/\/www.caririemacao.com\/1\/?p=179603"},"modified":"2020-07-20T09:28:48","modified_gmt":"2020-07-20T12:28:48","slug":"hospital-de-sp-investiga-possiveis-casos-de-reinfeccao-por-coronavirus","status":"publish","type":"post","link":"https:\/\/www.caririemacao.com\/1\/2020\/07\/20\/hospital-de-sp-investiga-possiveis-casos-de-reinfeccao-por-coronavirus\/","title":{"rendered":"Hospital de SP investiga poss\u00edveis casos de reinfec\u00e7\u00e3o por coronav\u00edrus"},"content":{"rendered":"\n<h3 class=\"wp-block-heading\"><\/h3>\n\n\n\n<p><a href=\"https:\/\/jpimg.com.br\/uploads\/2020\/07\/o-hospital-das-clinicas-da-faculdade-de-medicina-da-usp-investiga-dois-possiveis-casos-de-reinfeccao-pelo-novo-coronavirus-1024x682.jpg\"><\/a>O Hospital das Cl\u00ednicas da Faculdade de Medicina da USP investiga dois poss\u00edveis casos de reinfec\u00e7\u00e3o pelo novo coronav\u00edrus.<br>O Hospital das Cl\u00ednicas da Faculdade de Medicina da USP investiga dois poss\u00edveis casos de reinfec\u00e7\u00e3o pelo novo coronav\u00edrus. Em nota enviada \u00e0 imprensa neste s\u00e1bado, 18, a institui\u00e7\u00e3o informa que est\u00e3o sob an\u00e1lise dois pacientes que se curaram da Covid-19 em maio, mas voltaram a apresentar sintomas da doen\u00e7a em julho.<br>Os testes de ambos voltaram a dar positivo para o v\u00edrus. \u201cOs sintomas e testes positivos em dois per\u00edodos diferentes poderiam ser explicados por outra virose por um v\u00edrus diferente, que causaria confus\u00e3o porque haveria ainda fragmentos inativos [de Sars-CoV-2] que permaneceram no corpo do paciente\u201d, afirma o hospital.<br>A hip\u00f3tese de \u201cconfus\u00e3o\u201d de diagn\u00f3stico ainda \u00e9 considerada a mais prov\u00e1vel para compreender a situa\u00e7\u00e3o. Isto porque, segundo a institui\u00e7\u00e3o, a reinfec\u00e7\u00e3o pelo novo coronav\u00edrus n\u00e3o foi constatada \u201cem nenhum outro caso registrado pela literatura m\u00e9dica internacional\u201d.<br>Eventos semelhantes j\u00e1 foram pesquisados e descartados na Coreia do Sul, por exemplo, e estudos mais recentes indicam que a imunidade contra a Covid-19 pode ser duradoura.<\/p>\n","protected":false},"excerpt":{"rendered":"<p>O Hospital das Cl\u00ednicas da Faculdade de Medicina da USP investiga dois poss\u00edveis casos de reinfec\u00e7\u00e3o pelo novo coronav\u00edrus.O Hospital das Cl\u00ednicas da Faculdade de&hellip; <\/p>\n","protected":false},"author":2,"featured_media":179472,"comment_status":"closed","ping_status":"closed","sticky":false,"template":"","format":"standard","meta":{"sfsi_plus_gutenberg_text_before_share":"","sfsi_plus_gutenberg_show_text_before_share":"","sfsi_plus_gutenberg_icon_type":"","sfsi_plus_gutenberg_icon_alignemt":"","sfsi_plus_gutenburg_max_per_row":"","footnotes":""},"categories":[2],"tags":[],"class_list":["post-179603","post","type-post","status-publish","format-standard","has-post-thumbnail","hentry","category-geral"],"_links":{"self":[{"href":"https:\/\/www.caririemacao.com\/1\/wp-json\/wp\/v2\/posts\/179603","targetHints":{"allow":["GET"]}}],"collection":[{"href":"https:\/\/www.caririemacao.com\/1\/wp-json\/wp\/v2\/posts"}],"about":[{"href":"https:\/\/www.caririemacao.com\/1\/wp-json\/wp\/v2\/types\/post"}],"author":[{"embeddable":true,"href":"https:\/\/www.caririemacao.com\/1\/wp-json\/wp\/v2\/users\/2"}],"replies":[{"embeddable":true,"href":"https:\/\/www.caririemacao.com\/1\/wp-json\/wp\/v2\/comments?post=179603"}],"version-history":[{"count":1,"href":"https:\/\/www.caririemacao.com\/1\/wp-json\/wp\/v2\/posts\/179603\/revisions"}],"predecessor-version":[{"id":179605,"href":"https:\/\/www.caririemacao.com\/1\/wp-json\/wp\/v2\/posts\/179603\/revisions\/179605"}],"wp:featuredmedia":[{"embeddable":true,"href":"https:\/\/www.caririemacao.com\/1\/wp-json\/wp\/v2\/media\/179472"}],"wp:attachment":[{"href":"https:\/\/www.caririemacao.com\/1\/wp-json\/wp\/v2\/media?parent=179603"}],"wp:term":[{"taxonomy":"category","embeddable":true,"href":"https:\/\/www.caririemacao.com\/1\/wp-json\/wp\/v2\/categories?post=179603"},{"taxonomy":"post_tag","embeddable":true,"href":"https:\/\/www.caririemacao.com\/1\/wp-json\/wp\/v2\/tags?post=179603"}],"curies":[{"name":"wp","href":"https:\/\/api.w.org\/{rel}","templated":true}]}}