{"id":179609,"date":"2020-07-20T09:34:38","date_gmt":"2020-07-20T12:34:38","guid":{"rendered":"https:\/\/www.caririemacao.com\/1\/?p=179609"},"modified":"2020-07-20T09:34:38","modified_gmt":"2020-07-20T12:34:38","slug":"adolescente-de-16-anos-desaparecida-e-encontrada-morta-em-pernambuco","status":"publish","type":"post","link":"https:\/\/www.caririemacao.com\/1\/2020\/07\/20\/adolescente-de-16-anos-desaparecida-e-encontrada-morta-em-pernambuco\/","title":{"rendered":"Adolescente de 16 anos desaparecida \u00e9 encontrada morta em Pernambuco"},"content":{"rendered":"\n<h1 class=\"wp-block-heading\"><\/h1>\n\n\n\n<p>Uma adolescente de 16 anos que estava desaparecida foi encontrada morta na madrugada desta quarta-feira (15\/07). Segundo informa\u00e7\u00f5es da Pol\u00edcia Civil, a v\u00edtima teria morrido ap\u00f3s ser atropelada na manh\u00e3 do domingo (12\/07).<\/p>\n\n\n\n<p>De acordo com a pol\u00edcia, a jovem saiu de casa na tarde do s\u00e1bado (11\/07) e, como n\u00e3o voltou, a fam\u00edlia registrou um boletim de ocorr\u00eancia. Na madrugada desta quarta, a fam\u00edlia informou que a adolescente teria morrido v\u00edtima de atropelamento na PE-90 e foi socorrida para o Hospital da Restaura\u00e7\u00e3o no dia do acidente.<\/p>\n","protected":false},"excerpt":{"rendered":"<p>Uma adolescente de 16 anos que estava desaparecida foi encontrada morta na madrugada desta quarta-feira (15\/07). Segundo informa\u00e7\u00f5es da Pol\u00edcia Civil, a v\u00edtima teria morrido&hellip; <\/p>\n","protected":false},"author":2,"featured_media":164670,"comment_status":"closed","ping_status":"closed","sticky":false,"template":"","format":"standard","meta":{"sfsi_plus_gutenberg_text_before_share":"","sfsi_plus_gutenberg_show_text_before_share":"","sfsi_plus_gutenberg_icon_type":"","sfsi_plus_gutenberg_icon_alignemt":"","sfsi_plus_gutenburg_max_per_row":"","footnotes":""},"categories":[12],"tags":[],"class_list":["post-179609","post","type-post","status-publish","format-standard","has-post-thumbnail","hentry","category-policia"],"_links":{"self":[{"href":"https:\/\/www.caririemacao.com\/1\/wp-json\/wp\/v2\/posts\/179609","targetHints":{"allow":["GET"]}}],"collection":[{"href":"https:\/\/www.caririemacao.com\/1\/wp-json\/wp\/v2\/posts"}],"about":[{"href":"https:\/\/www.caririemacao.com\/1\/wp-json\/wp\/v2\/types\/post"}],"author":[{"embeddable":true,"href":"https:\/\/www.caririemacao.com\/1\/wp-json\/wp\/v2\/users\/2"}],"replies":[{"embeddable":true,"href":"https:\/\/www.caririemacao.com\/1\/wp-json\/wp\/v2\/comments?post=179609"}],"version-history":[{"count":1,"href":"https:\/\/www.caririemacao.com\/1\/wp-json\/wp\/v2\/posts\/179609\/revisions"}],"predecessor-version":[{"id":179614,"href":"https:\/\/www.caririemacao.com\/1\/wp-json\/wp\/v2\/posts\/179609\/revisions\/179614"}],"wp:featuredmedia":[{"embeddable":true,"href":"https:\/\/www.caririemacao.com\/1\/wp-json\/wp\/v2\/media\/164670"}],"wp:attachment":[{"href":"https:\/\/www.caririemacao.com\/1\/wp-json\/wp\/v2\/media?parent=179609"}],"wp:term":[{"taxonomy":"category","embeddable":true,"href":"https:\/\/www.caririemacao.com\/1\/wp-json\/wp\/v2\/categories?post=179609"},{"taxonomy":"post_tag","embeddable":true,"href":"https:\/\/www.caririemacao.com\/1\/wp-json\/wp\/v2\/tags?post=179609"}],"curies":[{"name":"wp","href":"https:\/\/api.w.org\/{rel}","templated":true}]}}