{"id":17961,"date":"2017-04-17T12:00:18","date_gmt":"2017-04-17T15:00:18","guid":{"rendered":"http:\/\/caririemacao.com\/1\/?p=17961"},"modified":"2017-05-08T11:48:52","modified_gmt":"2017-05-08T14:48:52","slug":"prefeitura-de-caraubas-promove-palestra-sobre-implantes-dentarios-pelo-sus","status":"publish","type":"post","link":"https:\/\/www.caririemacao.com\/1\/2017\/04\/17\/prefeitura-de-caraubas-promove-palestra-sobre-implantes-dentarios-pelo-sus\/","title":{"rendered":"Prefeitura de Cara\u00fabas promove palestra sobre implantes dent\u00e1rios pelo SUS"},"content":{"rendered":"<p>A Prefeitura Municipal de Cara\u00fabas, atrav\u00e9s da Secretaria da Sa\u00fade, ir\u00e1 realizar nesta segunda-feira (17), uma palestra sobre o projeto de implantes dent\u00e1rios ofertados pelo Sistema \u00danico de Sa\u00fade (SUS). A palestra ser\u00e1 iniciada \u00e0s 18h00, na C\u00e2mara Municipal do munic\u00edpio.<\/p>\n<p>O projeto faz parte do programa Brasil Sorridente do Governo Federal e est\u00e1 em funcionamento desde 2011 e no Estado da Para\u00edba, desde 2015. Os recursos financeiros para o projeto s\u00e3o disponibilizados pelo governo federal. Toda organiza\u00e7\u00e3o e desenvolvimento do projeto \u00e9 de responsabilidade dos munic\u00edpios em parceira com a iniciativa privada.<\/p>\n<p>O prefeito Silvano Dudu e a Secret\u00e1ria da Sa\u00fade Salete Jord\u00e3o, tem se empenhado para que a popula\u00e7\u00e3o de Cara\u00fabas tenha acesso a esse benef\u00edcio que \u00e9 o sonho de muitas pessoas. O implante dent\u00e1rio, al\u00e9m de devolver a sa\u00fade bucal, renova autoestima e confian\u00e7a dos pacientes que tiveram a perda dos dentes, e consequentemente, sofrem com a est\u00e9tica e com restri\u00e7\u00f5es alimentares. O projeto tamb\u00e9m possui o comprometimento social.<\/p>\n<p>A palestra ser\u00e1 aberta ao p\u00fablico para que todos tomem conhecimento do projeto e tire d\u00favidas de como deve proceder para ter acesso ao implante dent\u00e1rio.<\/p>\n<p>&nbsp;<\/p>\n<p><strong><em>CARIRI EM A\u00c7\u00c3O<\/em><\/strong><\/p>\n<p><em>Com Seplacom<\/em><\/p>\n","protected":false},"excerpt":{"rendered":"<p>A Prefeitura Municipal de Cara\u00fabas, atrav\u00e9s da Secretaria da Sa\u00fade, ir\u00e1 realizar nesta segunda-feira (17), uma palestra sobre o projeto de implantes dent\u00e1rios ofertados pelo&hellip; <\/p>\n","protected":false},"author":2,"featured_media":17963,"comment_status":"closed","ping_status":"closed","sticky":false,"template":"","format":"standard","meta":{"sfsi_plus_gutenberg_text_before_share":"","sfsi_plus_gutenberg_show_text_before_share":"","sfsi_plus_gutenberg_icon_type":"","sfsi_plus_gutenberg_icon_alignemt":"","sfsi_plus_gutenburg_max_per_row":"","footnotes":""},"categories":[6],"tags":[],"class_list":["post-17961","post","type-post","status-publish","format-standard","has-post-thumbnail","hentry","category-cidades"],"_links":{"self":[{"href":"https:\/\/www.caririemacao.com\/1\/wp-json\/wp\/v2\/posts\/17961","targetHints":{"allow":["GET"]}}],"collection":[{"href":"https:\/\/www.caririemacao.com\/1\/wp-json\/wp\/v2\/posts"}],"about":[{"href":"https:\/\/www.caririemacao.com\/1\/wp-json\/wp\/v2\/types\/post"}],"author":[{"embeddable":true,"href":"https:\/\/www.caririemacao.com\/1\/wp-json\/wp\/v2\/users\/2"}],"replies":[{"embeddable":true,"href":"https:\/\/www.caririemacao.com\/1\/wp-json\/wp\/v2\/comments?post=17961"}],"version-history":[{"count":0,"href":"https:\/\/www.caririemacao.com\/1\/wp-json\/wp\/v2\/posts\/17961\/revisions"}],"wp:featuredmedia":[{"embeddable":true,"href":"https:\/\/www.caririemacao.com\/1\/wp-json\/wp\/v2\/media\/17963"}],"wp:attachment":[{"href":"https:\/\/www.caririemacao.com\/1\/wp-json\/wp\/v2\/media?parent=17961"}],"wp:term":[{"taxonomy":"category","embeddable":true,"href":"https:\/\/www.caririemacao.com\/1\/wp-json\/wp\/v2\/categories?post=17961"},{"taxonomy":"post_tag","embeddable":true,"href":"https:\/\/www.caririemacao.com\/1\/wp-json\/wp\/v2\/tags?post=17961"}],"curies":[{"name":"wp","href":"https:\/\/api.w.org\/{rel}","templated":true}]}}