{"id":179618,"date":"2020-07-20T09:44:30","date_gmt":"2020-07-20T12:44:30","guid":{"rendered":"https:\/\/www.caririemacao.com\/1\/?p=179618"},"modified":"2020-07-20T09:44:30","modified_gmt":"2020-07-20T12:44:30","slug":"caraubas-seguro-safra-2018-2019-e-liberado-e-beneficiara-196-agricultores","status":"publish","type":"post","link":"https:\/\/www.caririemacao.com\/1\/2020\/07\/20\/caraubas-seguro-safra-2018-2019-e-liberado-e-beneficiara-196-agricultores\/","title":{"rendered":"Cara\u00fabas: Seguro safra  2018\/2019 \u00e9 liberado e beneficiar\u00e1 196 agricultores"},"content":{"rendered":"\n<p>Foi publicado no Di\u00e1rio Oficial da Uni\u00e3o edi\u00e7\u00e3o na sexta-feira, dia 17 de Julho do corrente, atrav\u00e9s da Portaria n.\u00ba 26, de 16\/7\/2020, da Secretaria Nacional de Pol\u00edtica Agr\u00edcola, a libera\u00e7\u00e3o do Programa Seguro Safra 208\/2019 do munic\u00edpio de Cara\u00fabas.Esta iniciativa s\u00f3 foi poss\u00edvel gra\u00e7as a solicita\u00e7\u00e3o do prefeito Silvano Dudu junto ao Deputado Federal Efraim Filho, l\u00edder da bancada paraibana no Congresso Nacional. <\/p>\n\n\n\n<p>De acordo com a Portaria os agricultores inscritos no Programa poder\u00e3o sacar seus benef\u00edcios em conta \u00fanica no valor de R$ 850,00(Oitocentos e Cinquenta Reais) pelo calend\u00e1rio de pagamento dos benef\u00edcios sociais da Caixa Econ\u00f4mica Federal.Segundo o secret\u00e1rio da Agricultura do munic\u00edpio, Rone Feitoza, essa \u00e9 mais uma iniciativa da atual gest\u00e3o que beneficiar\u00e1 196(cento e noventa e seis) agricultores municipais. <\/p>\n\n\n\n<p>Recebemos muitas criticas, principalmente, pelo fato de outros munic\u00edpios j\u00e1 terem o seguro liberado e Cara\u00fabas ainda n\u00e3o. Mas queremos agradecer o empenho do Deputado Efraim Filho que prontamente se mostrou solicito ao pleito dos agricultores do munic\u00edpio, disse ele.Caso algum agricultor tenha deixado de receber o benef\u00edcio por quest\u00f5es de bloqueio devem os mesmos acessar a plataforma do Garantia Safra dispon\u00edvel no site do MAPA \u2013 Minist\u00e9rio da Agricultura, da Pecu\u00e1ria e Abastecimento dentro de no m\u00e1ximo 30(trinta) dias contados a partir da publica\u00e7\u00e3o da mencionada Portaria.<\/p>\n\n\n\n<p>O prefeito Silvano Dudu parabenizou o secret\u00e1rio da Agricultura, Rone Feitoza, pelo empenho em mais uma a\u00e7\u00e3o importante junto aos agricultores e falou da for\u00e7a e aten\u00e7\u00e3o do Deputado Efraim Filho, parceiro importante da atual gest\u00e3o e que tem conseguido transformar a vida da popula\u00e7\u00e3o caraubense, sempre nos apoiando e liberando recursos importantes para o desenvolvimento local.Somos muito gratos ao nosso amigo, o Deputado Efraim Filho, que n\u00e3o tem medido esfor\u00e7os em trazer dezenas de benef\u00edcios para Cara\u00fabas. <\/p>\n\n\n\n<p>J\u00e1 recebemos, por seu interm\u00e9dio, recursos para as \u00e1reas da sa\u00fade, educa\u00e7\u00e3o, turismo, planejamento, agricultura, enfim, quero agradecer em nome do povo caraubense por tamanha dedica\u00e7\u00e3o, concluiu o prefeito Silvano Dudu.<\/p>\n\n\n\n<p>Fonte: SEPLACOM<\/p>\n\n\n\n<p>Foto: Assessoria Parlamentar<a href=\"https:\/\/www.facebook.com\/700190323423427\/photos\/a.704700996305693\/2956141477828289\/?__cft__[0]=AZV08Ifuo3sKTFqEKUrKHa_an8uRxFZsYJbONNVcOIaTxkMkW0a28mT9lmwSox1pOdMZ19IsNTrv7w4xkF47w2YbT1PWI0SekgtUsJWvU7wRwDxEs2dcVSZZbLq-40Xgwut2PC24vXTEY0tH-flS_p4bCZkpFPjaMym9LJoeD1gxeA&amp;__tn__=EH-R\"><\/a><\/p>\n\n\n\n\n\n<p>31311 coment\u00e1rio7 compartilhamentosCurtirComentarCompartilhar<\/p>\n","protected":false},"excerpt":{"rendered":"<p>Foi publicado no Di\u00e1rio Oficial da Uni\u00e3o edi\u00e7\u00e3o na sexta-feira, dia 17 de Julho do corrente, atrav\u00e9s da Portaria n.\u00ba 26, de 16\/7\/2020, da Secretaria&hellip; <\/p>\n","protected":false},"author":1,"featured_media":179619,"comment_status":"closed","ping_status":"closed","sticky":false,"template":"","format":"standard","meta":{"sfsi_plus_gutenberg_text_before_share":"","sfsi_plus_gutenberg_show_text_before_share":"","sfsi_plus_gutenberg_icon_type":"","sfsi_plus_gutenberg_icon_alignemt":"","sfsi_plus_gutenburg_max_per_row":"","footnotes":""},"categories":[6,50],"tags":[],"class_list":["post-179618","post","type-post","status-publish","format-standard","has-post-thumbnail","hentry","category-cidades","category-destaque"],"_links":{"self":[{"href":"https:\/\/www.caririemacao.com\/1\/wp-json\/wp\/v2\/posts\/179618","targetHints":{"allow":["GET"]}}],"collection":[{"href":"https:\/\/www.caririemacao.com\/1\/wp-json\/wp\/v2\/posts"}],"about":[{"href":"https:\/\/www.caririemacao.com\/1\/wp-json\/wp\/v2\/types\/post"}],"author":[{"embeddable":true,"href":"https:\/\/www.caririemacao.com\/1\/wp-json\/wp\/v2\/users\/1"}],"replies":[{"embeddable":true,"href":"https:\/\/www.caririemacao.com\/1\/wp-json\/wp\/v2\/comments?post=179618"}],"version-history":[{"count":1,"href":"https:\/\/www.caririemacao.com\/1\/wp-json\/wp\/v2\/posts\/179618\/revisions"}],"predecessor-version":[{"id":179620,"href":"https:\/\/www.caririemacao.com\/1\/wp-json\/wp\/v2\/posts\/179618\/revisions\/179620"}],"wp:featuredmedia":[{"embeddable":true,"href":"https:\/\/www.caririemacao.com\/1\/wp-json\/wp\/v2\/media\/179619"}],"wp:attachment":[{"href":"https:\/\/www.caririemacao.com\/1\/wp-json\/wp\/v2\/media?parent=179618"}],"wp:term":[{"taxonomy":"category","embeddable":true,"href":"https:\/\/www.caririemacao.com\/1\/wp-json\/wp\/v2\/categories?post=179618"},{"taxonomy":"post_tag","embeddable":true,"href":"https:\/\/www.caririemacao.com\/1\/wp-json\/wp\/v2\/tags?post=179618"}],"curies":[{"name":"wp","href":"https:\/\/api.w.org\/{rel}","templated":true}]}}