{"id":179622,"date":"2020-07-20T09:53:04","date_gmt":"2020-07-20T12:53:04","guid":{"rendered":"https:\/\/www.caririemacao.com\/1\/?p=179622"},"modified":"2020-07-20T09:53:04","modified_gmt":"2020-07-20T12:53:04","slug":"pesquisas-arqueologicas-irao-resgatar-a-historia-de-caraubas-e-de-seus-primeiros-habitantes","status":"publish","type":"post","link":"https:\/\/www.caririemacao.com\/1\/2020\/07\/20\/pesquisas-arqueologicas-irao-resgatar-a-historia-de-caraubas-e-de-seus-primeiros-habitantes\/","title":{"rendered":"Pesquisas arqueol\u00f3gicas ir\u00e3o resgatar a hist\u00f3ria de Cara\u00fabas e de seus primeiros habitantes"},"content":{"rendered":"\n<p>Novas descobertas e achados hist\u00f3ricos no munic\u00edpio de Cara\u00fabas mostram o quanto ainda temos a explorar turisticamente. Na \u00faltima quarta-feira, dia 15\/7, o prefeito Silvano Dudu fez quest\u00e3o de acompanhar a equipe do professor Juvandi de Souza do Laborat\u00f3rio de Arqueologia e Paleontologia da UEPB, a uma das comunidades rurais do munic\u00edpio.<\/p>\n\n\n\n<p>Acompanharam as investiga\u00e7\u00f5es o secret\u00e1rio do Planejamento, da Comunica\u00e7\u00e3o Institucional e Gest\u00e3o, jornalista Eduardo Belo, o pesquisador da Universidade, Dennis Motta e assessores da SEPLACOM, visando realizar uma prospec\u00e7\u00e3o do material encontrado nessas localidades e que ap\u00f3s autorizado servir\u00e3o para compor o acervo do futuro Museu Hist\u00f3rico que a Secretaria do Turismo, da Cultura e do Desporto pretende montar.<\/p>\n\n\n\n<p>De acordo com o pesquisador Dennis Motta, em uma das comunidades visitadas percebe-se a presen\u00e7a do homem primitivo ter passado por Cara\u00fabas. Em uma das pe\u00e7as encontradas aqui percebemos que em um desses objetos os \u00edndios utilizaram para amolar machados ou produzir seus instrumentos. Infelizmente, ainda n\u00e3o podemos retirar esse material deste local, pois, somente com a devida autoriza\u00e7\u00e3o do IPHAN \u00e9 que poderemos realizar um estudo de prospec\u00e7\u00e3o mais detalhado do material encontrado, disse ele.<\/p>\n\n\n\n<p>O professor Juvandi de Souza relatou que al\u00e9m dessas pe\u00e7as v\u00e1rios outros objetos puderam ser encontrados. Acredito que aqui neste lugar deve ter funcionado um bivaque, ou seja, um acampamento tempor\u00e1rio ou at\u00e9 mesmo permanente pela grande quantidade de material paleontol\u00f3gico e hist\u00f3rico encontrado. Localizamos faian\u00e7a, fragmentos de metais, ferro, vidros e um moinho, disse ele.<\/p>\n\n\n\n<p>A partir desse estudo se iniciar\u00e1 o processo de cataloga\u00e7\u00e3o das pe\u00e7as e artefatos encontrados que compor\u00e3o o acervo do Museu Hist\u00f3rico do munic\u00edpio de Cara\u00fabas. <\/p>\n\n\n\n<p>Segundo o secret\u00e1rio do Planejamento, jornalista Eduardo Belo, a partir desse trabalho minucioso, cauteloso estaremos dando inicio a uma das mais ousadas experi\u00eancias da atual gest\u00e3o. Vamos resgatar uma hist\u00f3ria perdida ou que deixou de ser contada a v\u00e1rias gera\u00e7\u00f5es que j\u00e1 se foram. Uma cidade tur\u00edstica precisa ter algo a contar e tenho certeza que Cara\u00fabas tem muita coisa ainda pra mostrar, finalizou ele.<\/p>\n\n\n\n<figure class=\"wp-block-image size-large\"><img fetchpriority=\"high\" decoding=\"async\" width=\"770\" height=\"577\" src=\"https:\/\/www.caririemacao.com\/1\/wp-content\/uploads\/2020\/07\/109736345_2956148647827572_2709611953411852649_n.jpg\" alt=\"\" class=\"wp-image-179624\" srcset=\"https:\/\/www.caririemacao.com\/1\/wp-content\/uploads\/2020\/07\/109736345_2956148647827572_2709611953411852649_n.jpg 770w, https:\/\/www.caririemacao.com\/1\/wp-content\/uploads\/2020\/07\/109736345_2956148647827572_2709611953411852649_n-300x225.jpg 300w, https:\/\/www.caririemacao.com\/1\/wp-content\/uploads\/2020\/07\/109736345_2956148647827572_2709611953411852649_n-768x576.jpg 768w\" sizes=\"(max-width: 770px) 100vw, 770px\" \/><\/figure>\n\n\n\n<figure class=\"wp-block-image size-large\"><img decoding=\"async\" width=\"770\" height=\"577\" data-src=\"https:\/\/www.caririemacao.com\/1\/wp-content\/uploads\/2020\/07\/110155047_2956149194494184_5234459733952095819_n.jpg\" alt=\"\" class=\"wp-image-179625 lazyload\" data-srcset=\"https:\/\/www.caririemacao.com\/1\/wp-content\/uploads\/2020\/07\/110155047_2956149194494184_5234459733952095819_n.jpg 770w, https:\/\/www.caririemacao.com\/1\/wp-content\/uploads\/2020\/07\/110155047_2956149194494184_5234459733952095819_n-300x225.jpg 300w, https:\/\/www.caririemacao.com\/1\/wp-content\/uploads\/2020\/07\/110155047_2956149194494184_5234459733952095819_n-768x576.jpg 768w\" data-sizes=\"(max-width: 770px) 100vw, 770px\" src=\"data:image\/svg+xml;base64,PHN2ZyB3aWR0aD0iMSIgaGVpZ2h0PSIxIiB4bWxucz0iaHR0cDovL3d3dy53My5vcmcvMjAwMC9zdmciPjwvc3ZnPg==\" style=\"--smush-placeholder-width: 770px; --smush-placeholder-aspect-ratio: 770\/577;\" \/><\/figure>\n\n\n\n<p>Fonte: SEPLACOM<\/p>\n\n\n\n<p>Foto: MIGUEL FILHO<\/p>\n","protected":false},"excerpt":{"rendered":"<p>Novas descobertas e achados hist\u00f3ricos no munic\u00edpio de Cara\u00fabas mostram o quanto ainda temos a explorar turisticamente. Na \u00faltima quarta-feira, dia 15\/7, o prefeito Silvano&hellip; <\/p>\n","protected":false},"author":1,"featured_media":179623,"comment_status":"closed","ping_status":"closed","sticky":false,"template":"","format":"standard","meta":{"sfsi_plus_gutenberg_text_before_share":"","sfsi_plus_gutenberg_show_text_before_share":"","sfsi_plus_gutenberg_icon_type":"","sfsi_plus_gutenberg_icon_alignemt":"","sfsi_plus_gutenburg_max_per_row":"","footnotes":""},"categories":[6,50],"tags":[],"class_list":["post-179622","post","type-post","status-publish","format-standard","has-post-thumbnail","hentry","category-cidades","category-destaque"],"_links":{"self":[{"href":"https:\/\/www.caririemacao.com\/1\/wp-json\/wp\/v2\/posts\/179622","targetHints":{"allow":["GET"]}}],"collection":[{"href":"https:\/\/www.caririemacao.com\/1\/wp-json\/wp\/v2\/posts"}],"about":[{"href":"https:\/\/www.caririemacao.com\/1\/wp-json\/wp\/v2\/types\/post"}],"author":[{"embeddable":true,"href":"https:\/\/www.caririemacao.com\/1\/wp-json\/wp\/v2\/users\/1"}],"replies":[{"embeddable":true,"href":"https:\/\/www.caririemacao.com\/1\/wp-json\/wp\/v2\/comments?post=179622"}],"version-history":[{"count":1,"href":"https:\/\/www.caririemacao.com\/1\/wp-json\/wp\/v2\/posts\/179622\/revisions"}],"predecessor-version":[{"id":179626,"href":"https:\/\/www.caririemacao.com\/1\/wp-json\/wp\/v2\/posts\/179622\/revisions\/179626"}],"wp:featuredmedia":[{"embeddable":true,"href":"https:\/\/www.caririemacao.com\/1\/wp-json\/wp\/v2\/media\/179623"}],"wp:attachment":[{"href":"https:\/\/www.caririemacao.com\/1\/wp-json\/wp\/v2\/media?parent=179622"}],"wp:term":[{"taxonomy":"category","embeddable":true,"href":"https:\/\/www.caririemacao.com\/1\/wp-json\/wp\/v2\/categories?post=179622"},{"taxonomy":"post_tag","embeddable":true,"href":"https:\/\/www.caririemacao.com\/1\/wp-json\/wp\/v2\/tags?post=179622"}],"curies":[{"name":"wp","href":"https:\/\/api.w.org\/{rel}","templated":true}]}}