{"id":179628,"date":"2020-07-20T09:58:14","date_gmt":"2020-07-20T12:58:14","guid":{"rendered":"https:\/\/www.caririemacao.com\/1\/?p=179628"},"modified":"2020-07-20T09:58:14","modified_gmt":"2020-07-20T12:58:14","slug":"municipio-de-caraubas-recebe-plantadeira-de-3-pontos-que-beneficiara-centenas-de-agricultores","status":"publish","type":"post","link":"https:\/\/www.caririemacao.com\/1\/2020\/07\/20\/municipio-de-caraubas-recebe-plantadeira-de-3-pontos-que-beneficiara-centenas-de-agricultores\/","title":{"rendered":"Munic\u00edpio de Cara\u00fabas recebe plantadeira de 3 pontos que beneficiar\u00e1 centenas de agricultores"},"content":{"rendered":"\n<p>O munic\u00edpio de Cara\u00fabas foi contemplado na \u00faltima ter\u00e7a-feira, dia 14\/7, com uma plantadeira de 03 linhas, fruto da participa\u00e7\u00e3o e da representatividade do munic\u00edpio no F\u00f3rum Territorial do Cariri. <\/p>\n\n\n\n<p>A aquisi\u00e7\u00e3o s\u00f3 foi poss\u00edvel gra\u00e7as \u00e0 um trabalho de parceria com o Governo do Estado atrav\u00e9s da SEDAP, secretaria da Agricultura do munic\u00edpio, o pr\u00f3prio F\u00f3rum Territorial e a Associa\u00e7\u00e3o de Desenvolvimento Comunit\u00e1rio Rural de Salinas.<\/p>\n\n\n\n<p>A m\u00e1quina vai trabalhar acoplada a um trator j\u00e1 existente no munic\u00edpio e beneficiar\u00e1 todos os agricultores que no per\u00edodo de plantio dispor\u00e1 de mais um equipamento que facilitar\u00e1 o trabalho que vai desde o preparo do solo at\u00e9 o seu plantio.Fizeram parte da entrega da plantadeira Ivanilza Macedo, representando a SEDAP\/Governo do Estado, o prefeito Silvano Dudu, o secret\u00e1rio da Agricultura, Rone Feitoza, o secret\u00e1rio do Planejamento, Comunica\u00e7\u00e3o Institucional e Gest\u00e3o, jornalista Eduardo Belo, o presidente da Associa\u00e7\u00e3o de Salinas, Marinaldo Brito, o presidente do Sindicato dos Trabalhadores Rurais do munic\u00edpio, Reginaldo Bezerra, assessores da SAA e da Prefeitura Municipal.<\/p>\n\n\n\n<p>O Secret\u00e1rio Rone Feitoza falou da import\u00e2ncia do equipamento para os agricultores do munic\u00edpio. Com a mecaniza\u00e7\u00e3o da atual frota o trabalho do homem do campo se tornar\u00e1 mais f\u00e1cil e \u00e1gil. Esse projeto chega numa boa hora e num muito bom onde todos os agricultores est\u00e3o empenhados na produ\u00e7\u00e3o. Deixo aqui nossos agradecimentos aos envolvidos diretamente nessa conquista e em especial os representantes do Governo do Estado, da associa\u00e7\u00e3o e de modo especial ao prefeito Silvano Dudu que vem transformando a vida de cada cidad\u00e3o caraubense, completou.<\/p>\n\n\n\n<p>O prefeito se mostrou feliz com mais esse equipamento que vai facilitar a vida dos agricultores. A enxada e outros equipamentos come\u00e7am a se aposentar para o homem do campo. Nesta gest\u00e3o estamos empenhados em proporcionar ao agricultor melhores condi\u00e7\u00f5es de trabalho com a terra. J\u00e1 adquirimos tratores, implementos agr\u00edcolas, ensiladeira, e agora a plantadeira. Parab\u00e9ns aos que fazem a agricultura do munic\u00edpio na pessoa do secret\u00e1rio Rone Feitoza e aos que fazem o F\u00f3rum de Desenvolvimento Territorial do Cariri e a Associa\u00e7\u00e3o de Salinas finalizou o prefeito, Silvano Dudu.<\/p>\n\n\n\n<figure class=\"wp-block-image size-large\"><img fetchpriority=\"high\" decoding=\"async\" width=\"770\" height=\"577\" src=\"https:\/\/www.caririemacao.com\/1\/wp-content\/uploads\/2020\/07\/115616651_2958850104224093_4711592581973992248_n.jpg\" alt=\"\" class=\"wp-image-179630\" srcset=\"https:\/\/www.caririemacao.com\/1\/wp-content\/uploads\/2020\/07\/115616651_2958850104224093_4711592581973992248_n.jpg 770w, https:\/\/www.caririemacao.com\/1\/wp-content\/uploads\/2020\/07\/115616651_2958850104224093_4711592581973992248_n-300x225.jpg 300w, https:\/\/www.caririemacao.com\/1\/wp-content\/uploads\/2020\/07\/115616651_2958850104224093_4711592581973992248_n-768x576.jpg 768w\" sizes=\"(max-width: 770px) 100vw, 770px\" \/><\/figure>\n\n\n\n<p>Fonte: SEPLACOM\/SEDAP<\/p>\n\n\n\n<p>Foto: MIGUEL FILHO<\/p>\n","protected":false},"excerpt":{"rendered":"<p>O munic\u00edpio de Cara\u00fabas foi contemplado na \u00faltima ter\u00e7a-feira, dia 14\/7, com uma plantadeira de 03 linhas, fruto da participa\u00e7\u00e3o e da representatividade do munic\u00edpio&hellip; <\/p>\n","protected":false},"author":1,"featured_media":179629,"comment_status":"closed","ping_status":"closed","sticky":false,"template":"","format":"standard","meta":{"sfsi_plus_gutenberg_text_before_share":"","sfsi_plus_gutenberg_show_text_before_share":"","sfsi_plus_gutenberg_icon_type":"","sfsi_plus_gutenberg_icon_alignemt":"","sfsi_plus_gutenburg_max_per_row":"","footnotes":""},"categories":[6,50],"tags":[],"class_list":["post-179628","post","type-post","status-publish","format-standard","has-post-thumbnail","hentry","category-cidades","category-destaque"],"_links":{"self":[{"href":"https:\/\/www.caririemacao.com\/1\/wp-json\/wp\/v2\/posts\/179628","targetHints":{"allow":["GET"]}}],"collection":[{"href":"https:\/\/www.caririemacao.com\/1\/wp-json\/wp\/v2\/posts"}],"about":[{"href":"https:\/\/www.caririemacao.com\/1\/wp-json\/wp\/v2\/types\/post"}],"author":[{"embeddable":true,"href":"https:\/\/www.caririemacao.com\/1\/wp-json\/wp\/v2\/users\/1"}],"replies":[{"embeddable":true,"href":"https:\/\/www.caririemacao.com\/1\/wp-json\/wp\/v2\/comments?post=179628"}],"version-history":[{"count":1,"href":"https:\/\/www.caririemacao.com\/1\/wp-json\/wp\/v2\/posts\/179628\/revisions"}],"predecessor-version":[{"id":179631,"href":"https:\/\/www.caririemacao.com\/1\/wp-json\/wp\/v2\/posts\/179628\/revisions\/179631"}],"wp:featuredmedia":[{"embeddable":true,"href":"https:\/\/www.caririemacao.com\/1\/wp-json\/wp\/v2\/media\/179629"}],"wp:attachment":[{"href":"https:\/\/www.caririemacao.com\/1\/wp-json\/wp\/v2\/media?parent=179628"}],"wp:term":[{"taxonomy":"category","embeddable":true,"href":"https:\/\/www.caririemacao.com\/1\/wp-json\/wp\/v2\/categories?post=179628"},{"taxonomy":"post_tag","embeddable":true,"href":"https:\/\/www.caririemacao.com\/1\/wp-json\/wp\/v2\/tags?post=179628"}],"curies":[{"name":"wp","href":"https:\/\/api.w.org\/{rel}","templated":true}]}}