{"id":179633,"date":"2020-07-20T10:06:11","date_gmt":"2020-07-20T13:06:11","guid":{"rendered":"https:\/\/www.caririemacao.com\/1\/?p=179633"},"modified":"2020-07-20T10:06:11","modified_gmt":"2020-07-20T13:06:11","slug":"caraubas-secretaria-da-educacao-da-inicio-a-distribuicao-da-segunda-remessa-de-kits-da-merenda-escolar","status":"publish","type":"post","link":"https:\/\/www.caririemacao.com\/1\/2020\/07\/20\/caraubas-secretaria-da-educacao-da-inicio-a-distribuicao-da-segunda-remessa-de-kits-da-merenda-escolar\/","title":{"rendered":"Cara\u00fabas: Secretaria da Educa\u00e7\u00e3o d\u00e1 in\u00edcio a distribui\u00e7\u00e3o da segunda remessa de kits da merenda escolar"},"content":{"rendered":"\n<p>A Secretaria da Educa\u00e7\u00e3o da Prefeitura Municipal de Cara\u00fabas inicia nesta segunda-feira, dia 20\/07, a distribui\u00e7\u00e3o da segunda remessa dos Kits da Merenda Escolar com os pais dos alunos regularmente matriculados na rede p\u00fablica de ensino. <\/p>\n\n\n\n<p>Nesta segunda remessa ser\u00e3o distribu\u00eddos 650(Seiscentos e cinquenta) kits. De acordo com a secret\u00e1ria da Educa\u00e7\u00e3o Rhayanne Fernandes a distribui\u00e7\u00e3o ser\u00e1 iniciada j\u00e1 na manh\u00e3 desta segunda-feira cumprindo um cronograma elaborado pelos t\u00e9cnicos da Secretaria. <\/p>\n\n\n\n<p>Das 8h30min \u00e0s 11h., vamos inicias pela Escola S\u00f3ter Correia Neves na comunidade de Campos e a tarde, a partir das 14h at\u00e9 as 16h30min., estaremos na comunidade do Salgadinho distribuindo os kits com os alunos da Escola Emiliano Pereira de Lima.<\/p>\n\n\n\n<p>Queremos lembrar aos pais e m\u00e3es dos alunos que atendendo os crit\u00e9rios estabelecidos pelo MEC\/FNDE, bem como, cumprindo as exig\u00eancias da OMS, do Minist\u00e9rio da Sa\u00fade, do Governo do Estado da Para\u00edba e da Secretaria Municipal da Sa\u00fade se faz necess\u00e1rio o cumprimento do protocolo de atendimento sem aglomera\u00e7\u00f5es de pessoas, formando filas com distanciamento m\u00ednimo exigido, procedendo a higieniza\u00e7\u00e3o das m\u00e3os e o correto uso de m\u00e1scaras para distribui\u00e7\u00e3o do kit da merenda.<\/p>\n\n\n\n<p>A secret\u00e1ria da educa\u00e7\u00e3o Rhayanne Fernandes lembra que se poss\u00edvel, os benefici\u00e1rios levem sua pr\u00f3pria caneta para assinatura como forma de diminuir a forma de cont\u00e1gio da COVID 19, al\u00e9m dos documentos pessoais, carteira de Identidade e CPF.<\/p>\n\n\n\n<p>De acordo com o cronograma a distribui\u00e7\u00e3o ser\u00e1 realizada nos seguintes locais e hor\u00e1rios: Amanh\u00e3 dia 21\/7 &#8211; EMEIEF JOAQUIM GALDINO SANTIAGO \u2013 S\u00cdTIO PONTA DE SERRA a entrega ser\u00e1 no pr\u00e9dio onde funciona o SCFV \u2013 Servi\u00e7o de Conviv\u00eancia e Fortalecimento de V\u00ednculos, das 8h30min \u00e0s 11h. J\u00e1 no dia 22\/7(quarta-feira) ser\u00e1 a vez dos alunos da EMEIEF ALICE JORGE DA SILVA \u2013 SEDE DO MUNIC\u00cdPIO a entrega ser\u00e1 realizada na pr\u00f3pria escola nos seguintes hor\u00e1rios: das 7h30min.. \u00e0s 11h30min., &#8211; para os pais de alunos do turno da manh\u00e3 e das 13h. \u00e0s 17h \u2013 para os pais de alunos do turno da tarde.No dia 23\/7(quinta-feira), receberam o kit os pais dos alunos matriculados na CRECHE ESCOLA MUNICIPAL S\u00c3O PEDRO \u2013 SEDE DO MUNICIPIO, a entrega desta vez ser\u00e1 realizada na Escola Alice Jorge da Silva, por possuir um espa\u00e7o maior.<\/p>\n\n\n\n<p> A distribui\u00e7\u00e3o ser\u00e1 nos seguintes hor\u00e1rios: das 7h30min \u00e0s 11h30min &#8211; para os pais de alunos do turno da manh\u00e3 e das 13h \u00e0s 17h. \u2013 para os pais de alunos do turno da tarde.E, por fim, no dia 24\/7(sexta-feira), ser\u00e1 a vez dos pais dos alunos da EMEIEF JO\u00c3O JOS\u00c9 DE ALCANTARA \u2013 DISTRITO DE BARREIRAS. A entrega ser\u00e1 realizada na pr\u00f3pria escola nos seguintes hor\u00e1rios das 9h \u00e0s 12h &#8211; para os pais de alunos do turno da manh\u00e3 e das 13h \u00e0s 16h \u2013 para os pais de alunos do turno da tarde.<\/p>\n\n\n\n<figure class=\"wp-block-image size-large\"><img fetchpriority=\"high\" decoding=\"async\" width=\"770\" height=\"577\" src=\"https:\/\/www.caririemacao.com\/1\/wp-content\/uploads\/2020\/07\/110000502_2960018037440633_2488567485782183971_n.jpg\" alt=\"\" class=\"wp-image-179635\" srcset=\"https:\/\/www.caririemacao.com\/1\/wp-content\/uploads\/2020\/07\/110000502_2960018037440633_2488567485782183971_n.jpg 770w, https:\/\/www.caririemacao.com\/1\/wp-content\/uploads\/2020\/07\/110000502_2960018037440633_2488567485782183971_n-300x225.jpg 300w, https:\/\/www.caririemacao.com\/1\/wp-content\/uploads\/2020\/07\/110000502_2960018037440633_2488567485782183971_n-768x576.jpg 768w\" sizes=\"(max-width: 770px) 100vw, 770px\" \/><\/figure>\n\n\n\n<p>Fonte: SEPLACOM<\/p>\n\n\n\n<p>Foto: MIGUEL FILHO<\/p>\n","protected":false},"excerpt":{"rendered":"<p>A Secretaria da Educa\u00e7\u00e3o da Prefeitura Municipal de Cara\u00fabas inicia nesta segunda-feira, dia 20\/07, a distribui\u00e7\u00e3o da segunda remessa dos Kits da Merenda Escolar com&hellip; <\/p>\n","protected":false},"author":1,"featured_media":179634,"comment_status":"closed","ping_status":"closed","sticky":false,"template":"","format":"standard","meta":{"sfsi_plus_gutenberg_text_before_share":"","sfsi_plus_gutenberg_show_text_before_share":"","sfsi_plus_gutenberg_icon_type":"","sfsi_plus_gutenberg_icon_alignemt":"","sfsi_plus_gutenburg_max_per_row":"","footnotes":""},"categories":[6,50],"tags":[],"class_list":["post-179633","post","type-post","status-publish","format-standard","has-post-thumbnail","hentry","category-cidades","category-destaque"],"_links":{"self":[{"href":"https:\/\/www.caririemacao.com\/1\/wp-json\/wp\/v2\/posts\/179633","targetHints":{"allow":["GET"]}}],"collection":[{"href":"https:\/\/www.caririemacao.com\/1\/wp-json\/wp\/v2\/posts"}],"about":[{"href":"https:\/\/www.caririemacao.com\/1\/wp-json\/wp\/v2\/types\/post"}],"author":[{"embeddable":true,"href":"https:\/\/www.caririemacao.com\/1\/wp-json\/wp\/v2\/users\/1"}],"replies":[{"embeddable":true,"href":"https:\/\/www.caririemacao.com\/1\/wp-json\/wp\/v2\/comments?post=179633"}],"version-history":[{"count":1,"href":"https:\/\/www.caririemacao.com\/1\/wp-json\/wp\/v2\/posts\/179633\/revisions"}],"predecessor-version":[{"id":179636,"href":"https:\/\/www.caririemacao.com\/1\/wp-json\/wp\/v2\/posts\/179633\/revisions\/179636"}],"wp:featuredmedia":[{"embeddable":true,"href":"https:\/\/www.caririemacao.com\/1\/wp-json\/wp\/v2\/media\/179634"}],"wp:attachment":[{"href":"https:\/\/www.caririemacao.com\/1\/wp-json\/wp\/v2\/media?parent=179633"}],"wp:term":[{"taxonomy":"category","embeddable":true,"href":"https:\/\/www.caririemacao.com\/1\/wp-json\/wp\/v2\/categories?post=179633"},{"taxonomy":"post_tag","embeddable":true,"href":"https:\/\/www.caririemacao.com\/1\/wp-json\/wp\/v2\/tags?post=179633"}],"curies":[{"name":"wp","href":"https:\/\/api.w.org\/{rel}","templated":true}]}}