{"id":179638,"date":"2020-07-20T10:33:08","date_gmt":"2020-07-20T13:33:08","guid":{"rendered":"https:\/\/www.caririemacao.com\/1\/?p=179638"},"modified":"2020-07-20T10:33:08","modified_gmt":"2020-07-20T13:33:08","slug":"colisao-entre-veiculos-deixa-uma-vitima-fatal-na-regiao-do-cariri-paraibano","status":"publish","type":"post","link":"https:\/\/www.caririemacao.com\/1\/2020\/07\/20\/colisao-entre-veiculos-deixa-uma-vitima-fatal-na-regiao-do-cariri-paraibano\/","title":{"rendered":"Colis\u00e3o entre ve\u00edculos deixa uma v\u00edtima fatal na regi\u00e3o do Cariri paraibano"},"content":{"rendered":"\n<p>Um acidente foi registrado por volta das 10h da noite deste domingo (19), no munic\u00edpio do Congo, mas precisamente, na rodovia que liga o Congo ao munic\u00edpio de Jata\u00faba-PE.<\/p>\n\n\n\n<p>De acordo com informa\u00e7\u00f5es, dois ve\u00edculos colidiram frontalmente na rodovia, deixando o saldo de uma v\u00edtima fatal e tr\u00eas pessoas gravemente ferida.<\/p>\n\n\n\n<p>A Pol\u00edcia esteve local e adotou as medidas cab\u00edveis, e uma per\u00edcia foi realizada para identificar as causas do acidente.<\/p>\n\n\n\n<p><strong>De Olho no Cariri<\/strong><\/p>\n","protected":false},"excerpt":{"rendered":"<p>Um acidente foi registrado por volta das 10h da noite deste domingo (19), no munic\u00edpio do Congo, mas precisamente, na rodovia que liga o Congo&hellip; <\/p>\n","protected":false},"author":1,"featured_media":179639,"comment_status":"closed","ping_status":"closed","sticky":false,"template":"","format":"standard","meta":{"sfsi_plus_gutenberg_text_before_share":"","sfsi_plus_gutenberg_show_text_before_share":"","sfsi_plus_gutenberg_icon_type":"","sfsi_plus_gutenberg_icon_alignemt":"","sfsi_plus_gutenburg_max_per_row":"","footnotes":""},"categories":[50],"tags":[],"class_list":["post-179638","post","type-post","status-publish","format-standard","has-post-thumbnail","hentry","category-destaque"],"_links":{"self":[{"href":"https:\/\/www.caririemacao.com\/1\/wp-json\/wp\/v2\/posts\/179638","targetHints":{"allow":["GET"]}}],"collection":[{"href":"https:\/\/www.caririemacao.com\/1\/wp-json\/wp\/v2\/posts"}],"about":[{"href":"https:\/\/www.caririemacao.com\/1\/wp-json\/wp\/v2\/types\/post"}],"author":[{"embeddable":true,"href":"https:\/\/www.caririemacao.com\/1\/wp-json\/wp\/v2\/users\/1"}],"replies":[{"embeddable":true,"href":"https:\/\/www.caririemacao.com\/1\/wp-json\/wp\/v2\/comments?post=179638"}],"version-history":[{"count":1,"href":"https:\/\/www.caririemacao.com\/1\/wp-json\/wp\/v2\/posts\/179638\/revisions"}],"predecessor-version":[{"id":179640,"href":"https:\/\/www.caririemacao.com\/1\/wp-json\/wp\/v2\/posts\/179638\/revisions\/179640"}],"wp:featuredmedia":[{"embeddable":true,"href":"https:\/\/www.caririemacao.com\/1\/wp-json\/wp\/v2\/media\/179639"}],"wp:attachment":[{"href":"https:\/\/www.caririemacao.com\/1\/wp-json\/wp\/v2\/media?parent=179638"}],"wp:term":[{"taxonomy":"category","embeddable":true,"href":"https:\/\/www.caririemacao.com\/1\/wp-json\/wp\/v2\/categories?post=179638"},{"taxonomy":"post_tag","embeddable":true,"href":"https:\/\/www.caririemacao.com\/1\/wp-json\/wp\/v2\/tags?post=179638"}],"curies":[{"name":"wp","href":"https:\/\/api.w.org\/{rel}","templated":true}]}}