{"id":179641,"date":"2020-07-20T10:40:11","date_gmt":"2020-07-20T13:40:11","guid":{"rendered":"https:\/\/www.caririemacao.com\/1\/?p=179641"},"modified":"2020-07-20T10:40:11","modified_gmt":"2020-07-20T13:40:11","slug":"corpo-de-adolescente-de-15-anos-e-encontrado-durante-operacao-realizada-em-cidade-na-paraiba","status":"publish","type":"post","link":"https:\/\/www.caririemacao.com\/1\/2020\/07\/20\/corpo-de-adolescente-de-15-anos-e-encontrado-durante-operacao-realizada-em-cidade-na-paraiba\/","title":{"rendered":"Corpo de adolescente de 15 anos \u00e9 encontrado durante opera\u00e7\u00e3o realizada em cidade na Para\u00edba"},"content":{"rendered":"\n<p>O corpo de um adolescente foi encontrado na manh\u00e3 deste domingo (19), em opera\u00e7\u00e3o conjunta das for\u00e7as policiais em Itabaiana. A Pol\u00edcia acredita que o corpo seja de Manoel J\u00fanior da Silva, de 15 anos, conhecido como \u201cLatinha\u201d, que estava desaparecido desde o dia 30 de junho.<\/p>\n\n\n\n<p>A equipe de policiais civis, militares e bombeiros utilizou c\u00e3es farejadores do Corpo de Bombeiros Militares do Estado da Para\u00edba ap\u00f3s coletar informa\u00e7\u00f5es de que o corpo estaria na Mata do Brejinho, enterrado, em Itabaiana.<\/p>\n\n\n\n<p>Um homem foi preso e um adolescente foi levado \u00e0 Delegacia para ser ouvido na presen\u00e7a do Conselho Tutelar pela suspeita de terem participado do crime de homic\u00eddio. Com o homem foi apreendida uma arma, drogas e dinheiro trocado que seria utilizado na comercializa\u00e7\u00e3o da droga.&nbsp; \u201cEssa arma, inclusive, pode ser a mesma que o suspeito utilizou para a pr\u00e1tica de outro homic\u00eddio, mas isso ainda vamos confirmar com a realiza\u00e7\u00e3o da per\u00edcia\u201d, disse o delegado Aneilton Castro, Delegado Seccional da 9\u00aa DSPC de Itabaiana.<\/p>\n\n\n\n<p>A a\u00e7\u00e3o conjunta foi realizada pelas for\u00e7as de seguran\u00e7a da 9\u00aa AISP (\u00c1rea Integrada de Seguran\u00e7a P\u00fablica), em Itabaiana, que envolve policiais da Pol\u00edcia Civil, Pol\u00edcia Militar e Corpo de Bombeiros Militar. A Opera\u00e7\u00e3o contou com a participa\u00e7\u00e3o de 90 policiais e bombeiros militarees e recebeu o nome de P\u00e2ntano, em refer\u00eancia \u00e0s caracter\u00edsticas do local onde os alvos se encontravam.<\/p>\n\n\n\n<p>A Opera\u00e7\u00e3o foi um sucesso que resultou em pris\u00e3o em flagrante e encontro de um cad\u00e1ver pois foi realizada \u201ccom o objetivo de coletar dados, provas, ind\u00edcios de il\u00edcitos, que instrumentem a\u00e7\u00f5es das for\u00e7as de seguran\u00e7a para desarticular rede criminosa de tr\u00e1fico de entorpecentes e homic\u00eddios na localidade, que ensaiava forma\u00e7\u00e3o de poder paralelo na Regi\u00e3o do Vale do Para\u00edba\u201d, disse o Major QOCPM Wagner Fernandes, Comandante do 8\u00ba BPM.<\/p>\n\n\n\n<p>\u201cNas buscas do cad\u00e1ver foram utilizados tr\u00eas c\u00e3es do Departamento de Opera\u00e7\u00f5es Com C\u00e3es do CBMPB, sendo dois c\u00e3es de Jo\u00e3o Pessoa e uma cadela do 2\u00ba CRBM, que conseguiu efetuar com \u00eaxito a localiza\u00e7\u00e3o do cad\u00e1ver\u201d, finalizou o Capit\u00e3o QOBM Lacerda, Comandante da 6\u00aa CIBM.<\/p>\n\n\n\n<p><em>Click PB<\/em><\/p>\n","protected":false},"excerpt":{"rendered":"<p>O corpo de um adolescente foi encontrado na manh\u00e3 deste domingo (19), em opera\u00e7\u00e3o conjunta das for\u00e7as policiais em Itabaiana. A Pol\u00edcia acredita que o&hellip; <\/p>\n","protected":false},"author":1,"featured_media":179642,"comment_status":"closed","ping_status":"closed","sticky":false,"template":"","format":"standard","meta":{"sfsi_plus_gutenberg_text_before_share":"","sfsi_plus_gutenberg_show_text_before_share":"","sfsi_plus_gutenberg_icon_type":"","sfsi_plus_gutenberg_icon_alignemt":"","sfsi_plus_gutenburg_max_per_row":"","footnotes":""},"categories":[50,12],"tags":[],"class_list":["post-179641","post","type-post","status-publish","format-standard","has-post-thumbnail","hentry","category-destaque","category-policia"],"_links":{"self":[{"href":"https:\/\/www.caririemacao.com\/1\/wp-json\/wp\/v2\/posts\/179641","targetHints":{"allow":["GET"]}}],"collection":[{"href":"https:\/\/www.caririemacao.com\/1\/wp-json\/wp\/v2\/posts"}],"about":[{"href":"https:\/\/www.caririemacao.com\/1\/wp-json\/wp\/v2\/types\/post"}],"author":[{"embeddable":true,"href":"https:\/\/www.caririemacao.com\/1\/wp-json\/wp\/v2\/users\/1"}],"replies":[{"embeddable":true,"href":"https:\/\/www.caririemacao.com\/1\/wp-json\/wp\/v2\/comments?post=179641"}],"version-history":[{"count":1,"href":"https:\/\/www.caririemacao.com\/1\/wp-json\/wp\/v2\/posts\/179641\/revisions"}],"predecessor-version":[{"id":179643,"href":"https:\/\/www.caririemacao.com\/1\/wp-json\/wp\/v2\/posts\/179641\/revisions\/179643"}],"wp:featuredmedia":[{"embeddable":true,"href":"https:\/\/www.caririemacao.com\/1\/wp-json\/wp\/v2\/media\/179642"}],"wp:attachment":[{"href":"https:\/\/www.caririemacao.com\/1\/wp-json\/wp\/v2\/media?parent=179641"}],"wp:term":[{"taxonomy":"category","embeddable":true,"href":"https:\/\/www.caririemacao.com\/1\/wp-json\/wp\/v2\/categories?post=179641"},{"taxonomy":"post_tag","embeddable":true,"href":"https:\/\/www.caririemacao.com\/1\/wp-json\/wp\/v2\/tags?post=179641"}],"curies":[{"name":"wp","href":"https:\/\/api.w.org\/{rel}","templated":true}]}}