{"id":179644,"date":"2020-07-20T10:42:07","date_gmt":"2020-07-20T13:42:07","guid":{"rendered":"https:\/\/www.caririemacao.com\/1\/?p=179644"},"modified":"2020-07-20T10:42:07","modified_gmt":"2020-07-20T13:42:07","slug":"caixa-paga-4a-parcela-de-auxilio-a-beneficiarios-do-bolsa-familia","status":"publish","type":"post","link":"https:\/\/www.caririemacao.com\/1\/2020\/07\/20\/caixa-paga-4a-parcela-de-auxilio-a-beneficiarios-do-bolsa-familia\/","title":{"rendered":"Caixa paga 4\u00aa parcela de aux\u00edlio a benefici\u00e1rios do Bolsa Fam\u00edlia"},"content":{"rendered":"\n<p>A quarta parcela do aux\u00edlio emergencial come\u00e7a a ser paga aos integrantes do Bolsa Fam\u00edlia a partir de hoje (20). S\u00e3o 19,2 milh\u00f5es de pessoas do programa de transfer\u00eancia de renda que s\u00e3o beneficiadas com o recurso destinado pelo governo federal para ajudar os mais vulner\u00e1veis a enfrentar a crise provocada pela pandemia de covid-19. As parcelas s\u00e3o de R$ 600 ou R$ 1.200 (m\u00e3es solteiras).<img decoding=\"async\" data-src=\"https:\/\/agenciabrasil.ebc.com.br\/ebc.png?id=1311883&amp;o=node\" src=\"data:image\/svg+xml;base64,PHN2ZyB3aWR0aD0iMSIgaGVpZ2h0PSIxIiB4bWxucz0iaHR0cDovL3d3dy53My5vcmcvMjAwMC9zdmciPjwvc3ZnPg==\" class=\"lazyload\"><\/p>\n\n\n\n<p>A transfer\u00eancia dos recursos segue o calend\u00e1rio habitual do Bolsa Fam\u00edlia para todos os integrantes do programa, conforme o \u00faltimo n\u00famero do NIS (N\u00famero de Identifica\u00e7\u00e3o Social) de cada benefici\u00e1rio. Hoje, o pagamento \u00e9 para benefici\u00e1rios com NIS final 1. Amanh\u00e3, ser\u00e1 a vez do NIS final 2 e assim por diante, exceto final de semana, at\u00e9 o NIS final 0 no dia 31 deste m\u00eas.<\/p>\n\n\n\n<h2 class=\"wp-block-heading\">Balan\u00e7o<\/h2>\n\n\n\n<p>Segundo o Minist\u00e9rio da Cidadania, os pagamentos do aux\u00edlio emergencial chegaram a 65,2 milh\u00f5es de pessoas, no total de R$ 121,1 bilh\u00f5es.<\/p>\n\n\n\n<p>Al\u00e9m dos integrantes do Bolsa Fam\u00edlia, s\u00e3o eleg\u00edveis a receber o Aux\u00edlio Emergencial 10,5 milh\u00f5es de pessoas do grupo do Cadastro \u00danico e outras 35,7 milh\u00f5es do grupo de trabalhadores informais, microempreendedores individuais, aut\u00f4nomos, desempregados e contribuintes individuais do INSS que solicitaram o benef\u00edcio via site ou aplicativo da Caixa.<\/p>\n\n\n\n<p>Ag\u00eancia Brasil<\/p>\n","protected":false},"excerpt":{"rendered":"<p>A quarta parcela do aux\u00edlio emergencial come\u00e7a a ser paga aos integrantes do Bolsa Fam\u00edlia a partir de hoje (20). S\u00e3o 19,2 milh\u00f5es de pessoas&hellip; <\/p>\n","protected":false},"author":1,"featured_media":179645,"comment_status":"closed","ping_status":"closed","sticky":false,"template":"","format":"standard","meta":{"sfsi_plus_gutenberg_text_before_share":"","sfsi_plus_gutenberg_show_text_before_share":"","sfsi_plus_gutenberg_icon_type":"","sfsi_plus_gutenberg_icon_alignemt":"","sfsi_plus_gutenburg_max_per_row":"","footnotes":""},"categories":[2],"tags":[],"class_list":["post-179644","post","type-post","status-publish","format-standard","has-post-thumbnail","hentry","category-geral"],"_links":{"self":[{"href":"https:\/\/www.caririemacao.com\/1\/wp-json\/wp\/v2\/posts\/179644","targetHints":{"allow":["GET"]}}],"collection":[{"href":"https:\/\/www.caririemacao.com\/1\/wp-json\/wp\/v2\/posts"}],"about":[{"href":"https:\/\/www.caririemacao.com\/1\/wp-json\/wp\/v2\/types\/post"}],"author":[{"embeddable":true,"href":"https:\/\/www.caririemacao.com\/1\/wp-json\/wp\/v2\/users\/1"}],"replies":[{"embeddable":true,"href":"https:\/\/www.caririemacao.com\/1\/wp-json\/wp\/v2\/comments?post=179644"}],"version-history":[{"count":1,"href":"https:\/\/www.caririemacao.com\/1\/wp-json\/wp\/v2\/posts\/179644\/revisions"}],"predecessor-version":[{"id":179646,"href":"https:\/\/www.caririemacao.com\/1\/wp-json\/wp\/v2\/posts\/179644\/revisions\/179646"}],"wp:featuredmedia":[{"embeddable":true,"href":"https:\/\/www.caririemacao.com\/1\/wp-json\/wp\/v2\/media\/179645"}],"wp:attachment":[{"href":"https:\/\/www.caririemacao.com\/1\/wp-json\/wp\/v2\/media?parent=179644"}],"wp:term":[{"taxonomy":"category","embeddable":true,"href":"https:\/\/www.caririemacao.com\/1\/wp-json\/wp\/v2\/categories?post=179644"},{"taxonomy":"post_tag","embeddable":true,"href":"https:\/\/www.caririemacao.com\/1\/wp-json\/wp\/v2\/tags?post=179644"}],"curies":[{"name":"wp","href":"https:\/\/api.w.org\/{rel}","templated":true}]}}