{"id":17965,"date":"2017-04-17T13:32:05","date_gmt":"2017-04-17T16:32:05","guid":{"rendered":"http:\/\/caririemacao.com\/1\/?p=17965"},"modified":"2017-04-17T13:32:05","modified_gmt":"2017-04-17T16:32:05","slug":"muro-de-escola-estadual-cai-e-aulas-sao-suspensas-em-monteiro","status":"publish","type":"post","link":"https:\/\/www.caririemacao.com\/1\/2017\/04\/17\/muro-de-escola-estadual-cai-e-aulas-sao-suspensas-em-monteiro\/","title":{"rendered":"Muro de escola estadual cai e aulas s\u00e3o suspensas em Monteiro"},"content":{"rendered":"<p>Mais um fato de descaso do Governo do Estado para com a popula\u00e7\u00e3o da cidade de Monteiro foi registrado esta semana. Por falta de manuten\u00e7\u00e3o, o muro da maior escola estadual do Cariri, a Escola Jos\u00e9 Leite de Sousa, desabou e as aulas foram suspensas.<\/p>\n<p>Por sorte, no momento em que o muro desabou nenhum aluno estava por perto e ningu\u00e9m ficou ferido. A imagem acima mostra a dimens\u00e3o do estrago causado, al\u00e9m de deixar evidente o risco de um novo desabamento.<\/p>\n<p>Esta n\u00e3o \u00e9 a primeira vez que a falta de manuten\u00e7\u00e3o da escola por parte do Governo do Estado. No \u00faltimo pleito eleitoral, a escola deixou de ser local de vota\u00e7\u00e3o devido \u00e0s p\u00e9ssimas condi\u00e7\u00f5es em sua estrutura, com diversas paredes apresentando rachaduras, banheiros e telhados deteriorados, dentre outros problemas.<\/p>\n<p>De acordo com informa\u00e7\u00f5es, a previs\u00e3o para o retorno das aulas \u00e9 a pr\u00f3xima segunda-feira (24), isto se os reparos com o muro forem conclu\u00eddos.<\/p>\n<p>O que mais tem deixado a popula\u00e7\u00e3o de Monteiro estarrecida \u00e9 a falta de compromisso por parte dos representantes do Governo do Estado no munic\u00edpio, que n\u00e3o pleiteiam junto ao governador Ricardo Coutinho a reforma da unidade escolar, que j\u00e1 serviu por v\u00e1rias vezes como local para realiza\u00e7\u00e3o do Or\u00e7amento Democr\u00e1tico Estadual, at\u00e9 o momento em que o evento foi transferido para a cidade de Sum\u00e9.<\/p>\n<p><strong>CARIRI EM A\u00c7\u00c3O<\/strong><\/p>\n<p>Com Vitrine do Cariri<\/p>\n<p>Leia mais not\u00edcias em\u00a0<a href=\"http:\/\/www.caririemacao.com\/\">caririemacao.com<\/a>, siga nossa p\u00e1gina no<a href=\"https:\/\/www.facebook.com\/CaririEmAcao\/\">\u00a0Facebook<\/a>\u00a0e\u00a0<a href=\"https:\/\/www.instagram.com\/cariri_em_acao\/?hl=pt-br\">Instagram<\/a>\u00a0veja nossas mat\u00e9rias e fotos. Voc\u00ea tamb\u00e9m pode enviar informa\u00e7\u00f5es \u00e0 Reda\u00e7\u00e3o do Portal Cariri em A\u00e7\u00e3o pelo WhatsApp (83) 9 9634.5791, (83) 9 9601-1162.<\/p>\n","protected":false},"excerpt":{"rendered":"<p>Mais um fato de descaso do Governo do Estado para com a popula\u00e7\u00e3o da cidade de Monteiro foi registrado esta semana. Por falta de manuten\u00e7\u00e3o,&hellip; <\/p>\n","protected":false},"author":2,"featured_media":17966,"comment_status":"closed","ping_status":"closed","sticky":false,"template":"","format":"standard","meta":{"sfsi_plus_gutenberg_text_before_share":"","sfsi_plus_gutenberg_show_text_before_share":"","sfsi_plus_gutenberg_icon_type":"","sfsi_plus_gutenberg_icon_alignemt":"","sfsi_plus_gutenburg_max_per_row":"","footnotes":""},"categories":[2],"tags":[],"class_list":["post-17965","post","type-post","status-publish","format-standard","has-post-thumbnail","hentry","category-geral"],"_links":{"self":[{"href":"https:\/\/www.caririemacao.com\/1\/wp-json\/wp\/v2\/posts\/17965","targetHints":{"allow":["GET"]}}],"collection":[{"href":"https:\/\/www.caririemacao.com\/1\/wp-json\/wp\/v2\/posts"}],"about":[{"href":"https:\/\/www.caririemacao.com\/1\/wp-json\/wp\/v2\/types\/post"}],"author":[{"embeddable":true,"href":"https:\/\/www.caririemacao.com\/1\/wp-json\/wp\/v2\/users\/2"}],"replies":[{"embeddable":true,"href":"https:\/\/www.caririemacao.com\/1\/wp-json\/wp\/v2\/comments?post=17965"}],"version-history":[{"count":0,"href":"https:\/\/www.caririemacao.com\/1\/wp-json\/wp\/v2\/posts\/17965\/revisions"}],"wp:featuredmedia":[{"embeddable":true,"href":"https:\/\/www.caririemacao.com\/1\/wp-json\/wp\/v2\/media\/17966"}],"wp:attachment":[{"href":"https:\/\/www.caririemacao.com\/1\/wp-json\/wp\/v2\/media?parent=17965"}],"wp:term":[{"taxonomy":"category","embeddable":true,"href":"https:\/\/www.caririemacao.com\/1\/wp-json\/wp\/v2\/categories?post=17965"},{"taxonomy":"post_tag","embeddable":true,"href":"https:\/\/www.caririemacao.com\/1\/wp-json\/wp\/v2\/tags?post=17965"}],"curies":[{"name":"wp","href":"https:\/\/api.w.org\/{rel}","templated":true}]}}