{"id":179665,"date":"2020-07-20T13:57:04","date_gmt":"2020-07-20T16:57:04","guid":{"rendered":"https:\/\/www.caririemacao.com\/1\/?p=179665"},"modified":"2020-07-20T13:57:04","modified_gmt":"2020-07-20T16:57:04","slug":"atendimento-presencial-no-inss-volta-dia-3-de-agosto","status":"publish","type":"post","link":"https:\/\/www.caririemacao.com\/1\/2020\/07\/20\/atendimento-presencial-no-inss-volta-dia-3-de-agosto\/","title":{"rendered":"Atendimento presencial no INSS volta dia 3 de agosto"},"content":{"rendered":"\n<h2 class=\"wp-block-heading\"><\/h2>\n\n\n\n<p>O atendimento presencial nas ag\u00eancias do Instituto Nacional do Seguro Social (INSS) est\u00e1 suspenso temporariamente desde mar\u00e7o, devido \u00e0 pandemia de covid-19. A data para a abertura das ag\u00eancias \u00e9 o dia 3 de agosto. O atendimento exclusivo por meio de canais remotos foi prorrogado at\u00e9 31 de julho e continuar\u00e1 sendo realizado mesmo ap\u00f3s a reabertura das ag\u00eancias.<br><br>Quando o atendimento presencial retornar, o tempo de funcionamento das ag\u00eancias ser\u00e1 parcial, com seis horas cont\u00ednuas, e&nbsp; exclusivo aos segurados e benefici\u00e1rios com pr\u00e9vio agendamento pelos canais remotos (Meu INSS e Central 135). Tamb\u00e9m ser\u00e3o retomados os servi\u00e7os que n\u00e3o possam ser realizados por meio dos canais de atendimento remotos como, por exemplo, per\u00edcias m\u00e9dicas, avalia\u00e7\u00e3o social e reabilita\u00e7\u00e3o profissional.<br><br>O Neu INSS pode ser acessado pela internet do seu computador ou pelo telefone celular (Android e IOS). S\u00e3o oferecidos mais de 90 servi\u00e7os, sem precisar sair de casa.<br><br>Para conhecer a ferramenta, digite o endere\u00e7o gov.br\/meuinss ou instale o aplicativo Meu INSS no celular. Depois \u00e9 preciso fazer um cadastro e obter uma senha.<br><br>Tamb\u00e9m \u00e9 poss\u00edvel obter uma senha provis\u00f3ria pelo site de alguns bancos.<\/p>\n","protected":false},"excerpt":{"rendered":"<p>O atendimento presencial nas ag\u00eancias do Instituto Nacional do Seguro Social (INSS) est\u00e1 suspenso temporariamente desde mar\u00e7o, devido \u00e0 pandemia de covid-19. A data para&hellip; <\/p>\n","protected":false},"author":2,"featured_media":179666,"comment_status":"closed","ping_status":"closed","sticky":false,"template":"","format":"standard","meta":{"sfsi_plus_gutenberg_text_before_share":"","sfsi_plus_gutenberg_show_text_before_share":"","sfsi_plus_gutenberg_icon_type":"","sfsi_plus_gutenberg_icon_alignemt":"","sfsi_plus_gutenburg_max_per_row":"","footnotes":""},"categories":[2],"tags":[],"class_list":["post-179665","post","type-post","status-publish","format-standard","has-post-thumbnail","hentry","category-geral"],"_links":{"self":[{"href":"https:\/\/www.caririemacao.com\/1\/wp-json\/wp\/v2\/posts\/179665","targetHints":{"allow":["GET"]}}],"collection":[{"href":"https:\/\/www.caririemacao.com\/1\/wp-json\/wp\/v2\/posts"}],"about":[{"href":"https:\/\/www.caririemacao.com\/1\/wp-json\/wp\/v2\/types\/post"}],"author":[{"embeddable":true,"href":"https:\/\/www.caririemacao.com\/1\/wp-json\/wp\/v2\/users\/2"}],"replies":[{"embeddable":true,"href":"https:\/\/www.caririemacao.com\/1\/wp-json\/wp\/v2\/comments?post=179665"}],"version-history":[{"count":1,"href":"https:\/\/www.caririemacao.com\/1\/wp-json\/wp\/v2\/posts\/179665\/revisions"}],"predecessor-version":[{"id":179667,"href":"https:\/\/www.caririemacao.com\/1\/wp-json\/wp\/v2\/posts\/179665\/revisions\/179667"}],"wp:featuredmedia":[{"embeddable":true,"href":"https:\/\/www.caririemacao.com\/1\/wp-json\/wp\/v2\/media\/179666"}],"wp:attachment":[{"href":"https:\/\/www.caririemacao.com\/1\/wp-json\/wp\/v2\/media?parent=179665"}],"wp:term":[{"taxonomy":"category","embeddable":true,"href":"https:\/\/www.caririemacao.com\/1\/wp-json\/wp\/v2\/categories?post=179665"},{"taxonomy":"post_tag","embeddable":true,"href":"https:\/\/www.caririemacao.com\/1\/wp-json\/wp\/v2\/tags?post=179665"}],"curies":[{"name":"wp","href":"https:\/\/api.w.org\/{rel}","templated":true}]}}