{"id":179669,"date":"2020-07-20T13:59:01","date_gmt":"2020-07-20T16:59:01","guid":{"rendered":"https:\/\/www.caririemacao.com\/1\/?p=179669"},"modified":"2020-07-20T13:59:01","modified_gmt":"2020-07-20T16:59:01","slug":"creditado-saque-emergencial-do-fgts-para-nascidos-em-abril","status":"publish","type":"post","link":"https:\/\/www.caririemacao.com\/1\/2020\/07\/20\/creditado-saque-emergencial-do-fgts-para-nascidos-em-abril\/","title":{"rendered":"Creditado saque emergencial do FGTS para nascidos em abril"},"content":{"rendered":"\n<h1 class=\"wp-block-heading\"><\/h1>\n\n\n\n<p>A Caixa credita&nbsp;hoje&nbsp;(20)&nbsp;o saque emergencial do Fundo de Garantia do Tempo de Servi\u00e7o (FGTS) para trabalhadores nascidos em abril.<\/p>\n\n\n\n<p>O novo saque tem como objetivo enfrentar o estado de calamidade p\u00fablica em raz\u00e3o da pandemia de Covid-19. No total, ser\u00e3o liberados, de acordo com todo o calend\u00e1rio, mais de R$ 37,8 bilh\u00f5es para aproximadamente 60 milh\u00f5es de trabalhadores.<\/p>\n\n\n\n<p>O pagamento do saque emergencial ser\u00e1 feito&nbsp;por meio de cr\u00e9dito na Conta Poupan\u00e7a Social Digital, aberto automaticamente pela Caixa em nome dos trabalhadores. O valor do saque \u00e9 de at\u00e9 R$ 1.045, considerando a soma dos saldos de todas as contas ativas ou inativas com saldo no FGTS.<\/p>\n\n\n\n<p>O calend\u00e1rio foi estabelecido com base no m\u00eas de nascimento do trabalhador.<\/p>\n\n\n\n<figure class=\"wp-block-table\"><table><thead><tr><th scope=\"col\">M\u00eas de nascimento<\/th><th scope=\"col\">Dia do cr\u00e9dito na conta poupan\u00e7a social digital<\/th><th scope=\"col\">data para saque em esp\u00e9cie<\/th><\/tr><\/thead><tbody><tr><td>janeiro<\/td><td>29 de junho<\/td><td>25 de julho<\/td><\/tr><tr><td>fevereiro<\/td><td>06 de julho<\/td><td>08 de agosto<\/td><\/tr><tr><td>mar\u00e7o<\/td><td>13 de julho<\/td><td>22 de agosto<\/td><\/tr><tr><td>abril<\/td><td>20 de julho<\/td><td>05 de setembro<\/td><\/tr><tr><td>maio<\/td><td>27 de julho<\/td><td>19 de setembro<\/td><\/tr><tr><td>junho<\/td><td>03 de agosto<\/td><td>03 de outubro<\/td><\/tr><tr><td>julho<\/td><td>10 de agosto<\/td><td>17 de outubro<\/td><\/tr><tr><td>agosto<\/td><td>24 de agosto<\/td><td>17 de outubro<\/td><\/tr><tr><td>setembro<\/td><td>31 de agosto<\/td><td>31 de outubro<\/td><\/tr><tr><td>outubro<\/td><td>08 de setembro<\/td><td>31 de outubro<\/td><\/tr><tr><td>novembro<\/td><td>14 de setembro<\/td><td>14 de novembro<\/td><\/tr><tr><td>dezembro<\/td><td>21 de setembro<\/td><td>14 de novembro<\/td><\/tr><\/tbody><\/table><\/figure>\n\n\n\n<p>Caso n\u00e3o haja movimenta\u00e7\u00e3o na conta de economia social digital at\u00e9&nbsp;30 de novembro&nbsp;deste ano, o valor ser\u00e1 devolvido \u00e0 conta do FGTS com a devida remunera\u00e7\u00e3o do per\u00edodo, sem preju\u00edzo para o trabalhador. Se ap\u00f3s esse prazo o trabalhador decidir fazer o saque emergencial, poder\u00e1 solicitar pelo Aplicativo FGTS at\u00e9&nbsp;31 de dezembro&nbsp;de 2020.<\/p>\n\n\n\n<p>A Caixa disponibiliza os seguintes canais de atendimento para informa\u00e7\u00f5es sobre o saque emergencial do FGTS:&nbsp;<em>site<\/em>&nbsp;<a href=\"http:\/\/www.caixa.gov.br\/beneficios-trabalhador\/fgts\/Paginas\/default.aspx\" target=\"_blank\" rel=\"noreferrer noopener\">fgts.caixa.gov.br<\/a>, Telefone 111 \u2013 op\u00e7\u00e3o 2, Internet Banking Caixa e aplicativo do FGTS.<\/p>\n","protected":false},"excerpt":{"rendered":"<p>A Caixa credita&nbsp;hoje&nbsp;(20)&nbsp;o saque emergencial do Fundo de Garantia do Tempo de Servi\u00e7o (FGTS) para trabalhadores nascidos em abril. O novo saque tem como objetivo&hellip; <\/p>\n","protected":false},"author":2,"featured_media":179670,"comment_status":"closed","ping_status":"closed","sticky":false,"template":"","format":"standard","meta":{"sfsi_plus_gutenberg_text_before_share":"","sfsi_plus_gutenberg_show_text_before_share":"","sfsi_plus_gutenberg_icon_type":"","sfsi_plus_gutenberg_icon_alignemt":"","sfsi_plus_gutenburg_max_per_row":"","footnotes":""},"categories":[2],"tags":[],"class_list":["post-179669","post","type-post","status-publish","format-standard","has-post-thumbnail","hentry","category-geral"],"_links":{"self":[{"href":"https:\/\/www.caririemacao.com\/1\/wp-json\/wp\/v2\/posts\/179669","targetHints":{"allow":["GET"]}}],"collection":[{"href":"https:\/\/www.caririemacao.com\/1\/wp-json\/wp\/v2\/posts"}],"about":[{"href":"https:\/\/www.caririemacao.com\/1\/wp-json\/wp\/v2\/types\/post"}],"author":[{"embeddable":true,"href":"https:\/\/www.caririemacao.com\/1\/wp-json\/wp\/v2\/users\/2"}],"replies":[{"embeddable":true,"href":"https:\/\/www.caririemacao.com\/1\/wp-json\/wp\/v2\/comments?post=179669"}],"version-history":[{"count":1,"href":"https:\/\/www.caririemacao.com\/1\/wp-json\/wp\/v2\/posts\/179669\/revisions"}],"predecessor-version":[{"id":179671,"href":"https:\/\/www.caririemacao.com\/1\/wp-json\/wp\/v2\/posts\/179669\/revisions\/179671"}],"wp:featuredmedia":[{"embeddable":true,"href":"https:\/\/www.caririemacao.com\/1\/wp-json\/wp\/v2\/media\/179670"}],"wp:attachment":[{"href":"https:\/\/www.caririemacao.com\/1\/wp-json\/wp\/v2\/media?parent=179669"}],"wp:term":[{"taxonomy":"category","embeddable":true,"href":"https:\/\/www.caririemacao.com\/1\/wp-json\/wp\/v2\/categories?post=179669"},{"taxonomy":"post_tag","embeddable":true,"href":"https:\/\/www.caririemacao.com\/1\/wp-json\/wp\/v2\/tags?post=179669"}],"curies":[{"name":"wp","href":"https:\/\/api.w.org\/{rel}","templated":true}]}}