{"id":179677,"date":"2020-07-20T14:07:43","date_gmt":"2020-07-20T17:07:43","guid":{"rendered":"https:\/\/www.caririemacao.com\/1\/?p=179677"},"modified":"2020-07-20T14:07:43","modified_gmt":"2020-07-20T17:07:43","slug":"arrecadacao-de-impostos-estaduais-fica-estavel-pela-primeira-vez-durante-a-pandemia-na-paraiba","status":"publish","type":"post","link":"https:\/\/www.caririemacao.com\/1\/2020\/07\/20\/arrecadacao-de-impostos-estaduais-fica-estavel-pela-primeira-vez-durante-a-pandemia-na-paraiba\/","title":{"rendered":"Arrecada\u00e7\u00e3o de impostos estaduais fica est\u00e1vel pela primeira vez durante a pandemia na Para\u00edba"},"content":{"rendered":"\n<h1 class=\"wp-block-heading\"><\/h1>\n\n\n\n<p>De 1\u00ba a 10 de julho de 2020, a arrecada\u00e7\u00e3o dos tr\u00eas impostos estaduais (ICMS, IPVA e ITCD) ficou est\u00e1vel (0,01%) pela primeira vez, durante o per\u00edodo da pandemia, quando comparada a&nbsp; igual per\u00edodo de 2019. \u00c9 o que aponta a d\u00e9cima edi\u00e7\u00e3o do Boletim Covid-19 da Secretaria de Estado da Fazenda da Para\u00edba (Sefaz-PB).<\/p>\n\n\n\n<p>Em valores absolutos, houve recolhimento semelhante de R$ 133,1 milh\u00f5es nos dois per\u00edodos&nbsp; do dec\u00eandio de julho\/2019 e de julho\/2020. Analisando os tr\u00eas impostos isoladamente no&nbsp; primeiro dec\u00eandio de julho\/2020, e comparando com igual per\u00edodo de 2019, constatou-se que&nbsp; houve redu\u00e7\u00e3o em dois impostos: Imposto sobre Transmiss\u00e3o Causa mortis e Doa\u00e7\u00e3o &#8211; ITCD (38,66%); e Imposto sobre Circula\u00e7\u00e3o de Mercadorias e Servi\u00e7os &#8211; ICMS (2,52%). J\u00e1 o Imposto sobre a Propriedade de Ve\u00edculos Automotores -IPVA apresentou expans\u00e3o de 29,14%.<\/p>\n\n\n\n<p><strong>Comportamento da arrecada\u00e7\u00e3o dos impostos por setor<\/strong>&nbsp;<\/p>\n\n\n\n<p>Analisando a arrecada\u00e7\u00e3o do ICMS por setor, no primeiro dec\u00eandio de julho\/2020 sobre igual per\u00edodo de 2019, tr\u00eas dos cinco setores que mais contribu\u00edram com a arrecada\u00e7\u00e3o (Varejista,&nbsp; Atacadista e Energia&nbsp; El\u00e9trica) apresentaram comportamento de eleva\u00e7\u00e3o da receita. Os outros dois setores registraram perdas: Petr\u00f3leo, Combust\u00edveis e Lubrificantes (21,32%) e Ind\u00fastria (13,65%). J\u00e1 o Varejista liderou a expans\u00e3o em julho\/2020, seguido pelos setores Atacadista e de Energia El\u00e9trica.<\/p>\n\n\n\n<p>Em valores absolutos, houve eleva\u00e7\u00e3o na arrecada\u00e7\u00e3o dos segmentos Varejista (R$ 8,3&nbsp; milh\u00f5es) e Atacadista (R$ 2,4 milh\u00f5es). Os segmentos Petr\u00f3leo, Combust\u00edveis e Lubrificantes (R$ 6,9 milh\u00f5es) e Ind\u00fastria (R$ 6,7 milh\u00f5es) apresentaram os maiores decr\u00e9scimos.<\/p>\n\n\n\n<p>A arrecada\u00e7\u00e3o das cinco Ger\u00eancias Regionais, no&nbsp; per\u00edodo de 1\u00ba a 10 de julho\/2020, registrou expans\u00e3o em compara\u00e7\u00e3o&nbsp; com igual per\u00edodo de 2019. Em valores absolutos, a arrecada\u00e7\u00e3o&nbsp; apresentou&nbsp; eleva\u00e7\u00e3o de R$ 7,6&nbsp; milh\u00f5es em julho\/2020. A 1\u00aa Ger\u00eancia Regional concentrou a maior arrecada\u00e7\u00e3o de julho (R$ 5,9 milh\u00f5es), resultando numa participa\u00e7\u00e3o de 77,36%.<\/p>\n\n\n\n<p>No per\u00edodo de 1\u00ba de abril a 10 de julho\/2020, as perdas acumuladas do ICMS, IPVA e ITCD somam R$ 238,9 milh\u00f5es, resultando numa diferen\u00e7a negativa de 14,34%. Em valores absolutos, o ICMS liderou as perdas com R$ 209,6 milh\u00f5es, seguido do ITCD com R$ 16,5 milh\u00f5es e do IPVA com R$ 12,7 milh\u00f5es.&nbsp;<\/p>\n\n\n\n<p>No per\u00edodo de 1\u00ba janeiro a 10 de julho\/2020 a arrecada\u00e7\u00e3o acumulada do ICMS, IPVA e ITCD apresentou uma queda de 4,89%, sobre igual per\u00edodo de 2019, o que representa uma diferen\u00e7a a menor de R$ 156 milh\u00f5es. Em valores absolutos, os tr\u00eas impostos arrecadaram R$ 3,191 bilh\u00f5es no acumulado 1\u00ba janeiro a 10 de julho\/2019 contra R$ 3,035 bilh\u00f5es sobre igual per\u00edodo de 2020. &nbsp;<\/p>\n\n\n\n<p><strong>Emiss\u00e3o de notas fiscais<\/strong><\/p>\n\n\n\n<p>A quantidade de emiss\u00f5es de Notas Fiscais Eletr\u00f4nicas (NF-e&nbsp; e&nbsp; NFC-e), um dos indicadores&nbsp; para medir a atividade econ\u00f4mica, registrou&nbsp; uma retra\u00e7\u00e3o de 12,45%, no primeiro dec\u00eandio de julho\/2020 sobre igual per\u00edodo do ano passado, caindo de 9,869 milh\u00f5es (julho\/2019) para&nbsp; 8,640 milh\u00f5es (julho\/2020), em unidades de notas emitidas.<\/p>\n\n\n\n<p>Ao analisar separadamente os dois documentos fiscais, observa-se uma retra\u00e7\u00e3o de 14,73% na emiss\u00e3o de Nota Fiscal ao Consumidor eletr\u00f4nica (NFC-e), no primeiro dec\u00eandio de julho\/2020,&nbsp; enquanto a Nota Fiscal Eletr\u00f4nica (NF-e) apresenta alta expressiva de 21,58%. O volume de emiss\u00f5es da NFC-e somou 9,249 milh\u00f5es de unidades em 2019, quando comparado com 7,886&nbsp; milh\u00f5es de unidades no primeiro dec\u00eandio de junho\/2020. J\u00e1 a quantidade de NF-e passou de 620 mil unidades em&nbsp; julho\/2019 para 754 mil unidades em&nbsp; julho\/2020.<\/p>\n\n\n\n<p>No primeiro dec\u00eandio de julho\/2020 sobre igual per\u00edodo do ano passado, a participa\u00e7\u00e3o da quantidade de emiss\u00f5es de NFC-e, nos estabelecimentos comerciais, manteve o patamar das semanas anteriores, participando com 91,27%, enquanto a NF-e ficou com 8,73% do total. Ao&nbsp; analisar os valores emitidos pelos dois documentos fiscais, a tend\u00eancia muda. A participa\u00e7\u00e3o da&nbsp; NF-e concentrou 69,15% do total dos valores, enquanto a da NFC-e foi de 30,85%, no per\u00edodo de 1\u00ba a 10 de julho de 2020.<\/p>\n\n\n\n<p>O valor dos documentos fiscais no&nbsp; primeiro dec\u00eandio de julho\/2020, comparado com igual per\u00edodo de 2019, expandiu em 16,63%. Quando&nbsp; recortada, a participa\u00e7\u00e3o dos segmentos mais&nbsp; relevantes apresenta um crescimento em tr\u00eas dos quatro maiores setores: o Atacadista liderou&nbsp; com uma forte expans\u00e3o de 36,37%, seguido da Ind\u00fastria (19,23%) e do Varejista (16,96%). O \u00fanico segmento que manteve retra\u00e7\u00e3o foi o de Petr\u00f3leo, Combust\u00edveis e Lubrificantes (6,83%).<\/p>\n\n\n\n<p>Na expans\u00e3o de crescimento dos valores dos documentos fiscais, cinco setores\/segmentos, por&nbsp; CNAE, se destacaram com alta nas vendas, no primeiro dec\u00eandio de&nbsp; julho\/2020 sobre igual&nbsp; per\u00edodo de 2019. Em primeiro, o Com\u00e9rcio atacadista de cosm\u00e9tico e produtos de higiene pessoal, com vendas de R$ 85,9 milh\u00f5es; o Com\u00e9rcio varejista de mercadorias em geral, sem predomin\u00e2ncia de produtos aliment\u00edcios, com vendas de 163,3 milh\u00f5es; o Com\u00e9rcio atacadista&nbsp; de mercadorias em geral, sem predomin\u00e2ncia de alimentos ou de insumos agropecu\u00e1rios, com&nbsp; vendas de R$ 57 milh\u00f5es; Com\u00e9rcio varejista de ferragens, madeira e materiais de constru\u00e7\u00e3o, com vendas de R$ 66 milh\u00f5es e o Com\u00e9rcio atacadista de produtos farmac\u00eauticos para uso&nbsp; humano e veterin\u00e1rio, com vendas de R$ 94,5 milh\u00f5es.<\/p>\n\n\n\n<p>Com a manuten\u00e7\u00e3o das medidas de isolamento social e restri\u00e7\u00e3o da circula\u00e7\u00e3o de ve\u00edculos at\u00e9 o&nbsp; dia 10 de julho\/2020, o segmento Petr\u00f3leo, Combust\u00edveis e Lubrificantes continua apresentando uma forte retra\u00e7\u00e3o nas vendas, resultando num valor a menos de R$ 34,8 milh\u00f5es nos&nbsp; segmentos Varejista e Atacadista.<\/p>\n","protected":false},"excerpt":{"rendered":"<p>De 1\u00ba a 10 de julho de 2020, a arrecada\u00e7\u00e3o dos tr\u00eas impostos estaduais (ICMS, IPVA e ITCD) ficou est\u00e1vel (0,01%) pela primeira vez, durante&hellip; <\/p>\n","protected":false},"author":2,"featured_media":179678,"comment_status":"closed","ping_status":"closed","sticky":false,"template":"","format":"standard","meta":{"sfsi_plus_gutenberg_text_before_share":"","sfsi_plus_gutenberg_show_text_before_share":"","sfsi_plus_gutenberg_icon_type":"","sfsi_plus_gutenberg_icon_alignemt":"","sfsi_plus_gutenburg_max_per_row":"","footnotes":""},"categories":[2],"tags":[],"class_list":["post-179677","post","type-post","status-publish","format-standard","has-post-thumbnail","hentry","category-geral"],"_links":{"self":[{"href":"https:\/\/www.caririemacao.com\/1\/wp-json\/wp\/v2\/posts\/179677","targetHints":{"allow":["GET"]}}],"collection":[{"href":"https:\/\/www.caririemacao.com\/1\/wp-json\/wp\/v2\/posts"}],"about":[{"href":"https:\/\/www.caririemacao.com\/1\/wp-json\/wp\/v2\/types\/post"}],"author":[{"embeddable":true,"href":"https:\/\/www.caririemacao.com\/1\/wp-json\/wp\/v2\/users\/2"}],"replies":[{"embeddable":true,"href":"https:\/\/www.caririemacao.com\/1\/wp-json\/wp\/v2\/comments?post=179677"}],"version-history":[{"count":1,"href":"https:\/\/www.caririemacao.com\/1\/wp-json\/wp\/v2\/posts\/179677\/revisions"}],"predecessor-version":[{"id":179679,"href":"https:\/\/www.caririemacao.com\/1\/wp-json\/wp\/v2\/posts\/179677\/revisions\/179679"}],"wp:featuredmedia":[{"embeddable":true,"href":"https:\/\/www.caririemacao.com\/1\/wp-json\/wp\/v2\/media\/179678"}],"wp:attachment":[{"href":"https:\/\/www.caririemacao.com\/1\/wp-json\/wp\/v2\/media?parent=179677"}],"wp:term":[{"taxonomy":"category","embeddable":true,"href":"https:\/\/www.caririemacao.com\/1\/wp-json\/wp\/v2\/categories?post=179677"},{"taxonomy":"post_tag","embeddable":true,"href":"https:\/\/www.caririemacao.com\/1\/wp-json\/wp\/v2\/tags?post=179677"}],"curies":[{"name":"wp","href":"https:\/\/api.w.org\/{rel}","templated":true}]}}