{"id":17968,"date":"2017-04-17T19:15:43","date_gmt":"2017-04-17T22:15:43","guid":{"rendered":"http:\/\/caririemacao.com\/1\/?p=17968"},"modified":"2017-04-17T19:15:43","modified_gmt":"2017-04-17T22:15:43","slug":"municipio-de-serra-branca-e-contemplado-com-filtros-de-ceramica-para-familias-da-zona-rural","status":"publish","type":"post","link":"https:\/\/www.caririemacao.com\/1\/2017\/04\/17\/municipio-de-serra-branca-e-contemplado-com-filtros-de-ceramica-para-familias-da-zona-rural\/","title":{"rendered":"Munic\u00edpio de Serra Branca \u00e9 contemplado com filtros de cer\u00e2mica para fam\u00edlias da zona rural"},"content":{"rendered":"<p>A pedido da Secretaria de Assist\u00eancia Social, atrav\u00e9s do secret\u00e1rio Aderbal Brito Leka, o munic\u00edpio de Serra Branca foi contemplado nesta\u00a0segunda-feira (17) com as a\u00e7\u00f5es do programa Viva \u00c1gua do Governo da Para\u00edba, desenvolvido pela Secretaria de Estado do Desenvolvimento Humano (Sedh) que chegaram \u00e0 Serra Branca.<\/p>\n<p>No total s\u00e3o 330 filtros de cer\u00e2mica\u00a0do Programa Viva \u00c1gua que ser\u00e3o distribu\u00eddos \u00e0 popula\u00e7\u00e3o benefici\u00e1ria do Programa Bolsa Fam\u00edlia residentes na zona rural, que possuem renda per capta de at\u00e9 85,00 por pessoa. Ser\u00e3o distribu\u00eddos 1 filtro por cada resid\u00eancia que estiver dentro dos crit\u00e9rios citados, onde ser\u00e1 estipulado uma data junto \u00e0 Coordena\u00e7\u00e3o do Programa para que sejam realizadas as entregas no munic\u00edpio.<\/p>\n<p>O secret\u00e1rio Aderbal Brito Leka destacou sua preocupa\u00e7\u00e3o com cada pessoa que mora nos lugares mais distantes. Ele frisou que os filtros s\u00e3o destinados \u00e0s fam\u00edlias que est\u00e3o inscritas no Cadastro \u00danico, que preenchem crit\u00e9rios que configuram situa\u00e7\u00e3o de vulnerabilidade social. Lembrou a import\u00e2ncia e o papel da mulher na forma\u00e7\u00e3o das fam\u00edlias, e que uma das a\u00e7\u00f5es da SEMAS \u00e9\u00a0 incentivar as a\u00e7\u00f5es produtivas em cada comunidade, implantando oficinas atrav\u00e9s do CRAS VOLANTE, garantindo assim a autonomia financeira.<\/p>\n<p>Segundo o Secret\u00e1rio esta \u00e9 mais uma a\u00e7\u00e3o que o governo \u201cEsperan\u00e7a para seguir em frente\u201d faz para amenizar a problem\u00e1tica da escassez de \u00e1gua no munic\u00edpio, tendo em vista, outras a\u00e7\u00f5es j\u00e1 realizadas pelo\u00a0Prefeito Souzinha\u00a0como perfura\u00e7\u00e3o de po\u00e7os e reaberturas de outros po\u00e7os que haviam sido desativados, assim como a limpeza do a\u00e7ude do DNOCS para espera das chuvas que Deus ir\u00e1 se encarregar de mandar.<\/p>\n<p><strong>CARIRI EM A\u00c7\u00c3O<\/strong><\/p>\n<p>Leia mais not\u00edcias em\u00a0<a href=\"http:\/\/www.caririemacao.com\/\">caririemacao.com<\/a>, siga nossa p\u00e1gina no<a href=\"https:\/\/www.facebook.com\/CaririEmAcao\/\">\u00a0Facebook<\/a>\u00a0e\u00a0<a href=\"https:\/\/www.instagram.com\/cariri_em_acao\/?hl=pt-br\">Instagram<\/a>\u00a0veja nossas mat\u00e9rias e fotos. Voc\u00ea tamb\u00e9m pode enviar informa\u00e7\u00f5es \u00e0 Reda\u00e7\u00e3o do Portal Cariri em A\u00e7\u00e3o pelo WhatsApp (83) 9 9634.5791, (83) 9 9601-1162.<\/p>\n","protected":false},"excerpt":{"rendered":"<p>A pedido da Secretaria de Assist\u00eancia Social, atrav\u00e9s do secret\u00e1rio Aderbal Brito Leka, o munic\u00edpio de Serra Branca foi contemplado nesta\u00a0segunda-feira (17) com as a\u00e7\u00f5es&hellip; <\/p>\n","protected":false},"author":2,"featured_media":17969,"comment_status":"closed","ping_status":"closed","sticky":false,"template":"","format":"standard","meta":{"sfsi_plus_gutenberg_text_before_share":"","sfsi_plus_gutenberg_show_text_before_share":"","sfsi_plus_gutenberg_icon_type":"","sfsi_plus_gutenberg_icon_alignemt":"","sfsi_plus_gutenburg_max_per_row":"","footnotes":""},"categories":[2],"tags":[],"class_list":["post-17968","post","type-post","status-publish","format-standard","has-post-thumbnail","hentry","category-geral"],"_links":{"self":[{"href":"https:\/\/www.caririemacao.com\/1\/wp-json\/wp\/v2\/posts\/17968","targetHints":{"allow":["GET"]}}],"collection":[{"href":"https:\/\/www.caririemacao.com\/1\/wp-json\/wp\/v2\/posts"}],"about":[{"href":"https:\/\/www.caririemacao.com\/1\/wp-json\/wp\/v2\/types\/post"}],"author":[{"embeddable":true,"href":"https:\/\/www.caririemacao.com\/1\/wp-json\/wp\/v2\/users\/2"}],"replies":[{"embeddable":true,"href":"https:\/\/www.caririemacao.com\/1\/wp-json\/wp\/v2\/comments?post=17968"}],"version-history":[{"count":0,"href":"https:\/\/www.caririemacao.com\/1\/wp-json\/wp\/v2\/posts\/17968\/revisions"}],"wp:featuredmedia":[{"embeddable":true,"href":"https:\/\/www.caririemacao.com\/1\/wp-json\/wp\/v2\/media\/17969"}],"wp:attachment":[{"href":"https:\/\/www.caririemacao.com\/1\/wp-json\/wp\/v2\/media?parent=17968"}],"wp:term":[{"taxonomy":"category","embeddable":true,"href":"https:\/\/www.caririemacao.com\/1\/wp-json\/wp\/v2\/categories?post=17968"},{"taxonomy":"post_tag","embeddable":true,"href":"https:\/\/www.caririemacao.com\/1\/wp-json\/wp\/v2\/tags?post=17968"}],"curies":[{"name":"wp","href":"https:\/\/api.w.org\/{rel}","templated":true}]}}