{"id":179686,"date":"2020-07-20T14:16:55","date_gmt":"2020-07-20T17:16:55","guid":{"rendered":"https:\/\/www.caririemacao.com\/1\/?p=179686"},"modified":"2020-07-20T14:16:55","modified_gmt":"2020-07-20T17:16:55","slug":"matriculas-para-a-primeira-chamada-do-sisu-terminam-amanha","status":"publish","type":"post","link":"https:\/\/www.caririemacao.com\/1\/2020\/07\/20\/matriculas-para-a-primeira-chamada-do-sisu-terminam-amanha\/","title":{"rendered":"Matriculas para a primeira chamada do sisu terminam amanh\u00e3"},"content":{"rendered":"\n<h1 class=\"wp-block-heading\"><\/h1>\n\n\n\n<p>Termina nesta ter\u00e7a-feira (21) o per\u00edodo de matr\u00edcula dos candidatos selecionados na chamada regular do Sistema de Sele\u00e7\u00e3o Unificada (Sisu) 2020.2. Amanh\u00e3 tamb\u00e9m \u00e9 o \u00faltimo dia para os candidatos que n\u00e3o foram convocados para nenhuma das duas op\u00e7\u00f5es de curso selecionadas declararem interesse na lista de espera das vagas remanescentes. Para a lista de espera ser\u00e3o adotados os mesmos crit\u00e9rios anteriores de classifica\u00e7\u00e3o da primeira chamada. O resultado ser\u00e1 no dia 24 de julho. A segunda edi\u00e7\u00e3o do Sisu recebeu 814.476 inscritos.<\/p>\n\n\n\n<p>Esta \u00e9 a primeira vez que h\u00e1 vagas pelo programa em cursos de gradua\u00e7\u00e3o na modalidade de ensino a dist\u00e2ncia (EaD). Os candidatos que participaram da edi\u00e7\u00e3o de 2019 do Exame Nacional do Ensino M\u00e9dio (Enem) e se cadastraram no sistema disputaram 51.924 vagas, ofertadas em 57 institui\u00e7\u00f5es p\u00fablicas de educa\u00e7\u00e3o superior do pa\u00eds.&nbsp;<\/p>\n\n\n\n<p><strong>Lista de espera<\/strong><\/p>\n\n\n\n<p>Para participar, o processo \u00e9 simples, mas n\u00e3o autom\u00e1tico. O estudante interessado deve acessar o Boletim do Candidato, no site do Sisu, e na tela da primeira op\u00e7\u00e3o de curso, clicar em \u201cparticipar da lista de espera\u201d. Em seguida, uma mensagem de confirma\u00e7\u00e3o ser\u00e1 emitida pelo sistema. A partir da\u00ed, basta acompanhar as convoca\u00e7\u00f5es feitas pelas universidades para preenchimento das vagas restantes, observando prazos, procedimentos e documentos exigidos para matr\u00edcula ou para registro acad\u00eamico estabelecidos no pr\u00f3prio edital da institui\u00e7\u00e3o.<\/p>\n","protected":false},"excerpt":{"rendered":"<p>Termina nesta ter\u00e7a-feira (21) o per\u00edodo de matr\u00edcula dos candidatos selecionados na chamada regular do Sistema de Sele\u00e7\u00e3o Unificada (Sisu) 2020.2. Amanh\u00e3 tamb\u00e9m \u00e9 o&hellip; <\/p>\n","protected":false},"author":2,"featured_media":179687,"comment_status":"closed","ping_status":"closed","sticky":false,"template":"","format":"standard","meta":{"sfsi_plus_gutenberg_text_before_share":"","sfsi_plus_gutenberg_show_text_before_share":"","sfsi_plus_gutenberg_icon_type":"","sfsi_plus_gutenberg_icon_alignemt":"","sfsi_plus_gutenburg_max_per_row":"","footnotes":""},"categories":[14],"tags":[],"class_list":["post-179686","post","type-post","status-publish","format-standard","has-post-thumbnail","hentry","category-educacao"],"_links":{"self":[{"href":"https:\/\/www.caririemacao.com\/1\/wp-json\/wp\/v2\/posts\/179686","targetHints":{"allow":["GET"]}}],"collection":[{"href":"https:\/\/www.caririemacao.com\/1\/wp-json\/wp\/v2\/posts"}],"about":[{"href":"https:\/\/www.caririemacao.com\/1\/wp-json\/wp\/v2\/types\/post"}],"author":[{"embeddable":true,"href":"https:\/\/www.caririemacao.com\/1\/wp-json\/wp\/v2\/users\/2"}],"replies":[{"embeddable":true,"href":"https:\/\/www.caririemacao.com\/1\/wp-json\/wp\/v2\/comments?post=179686"}],"version-history":[{"count":1,"href":"https:\/\/www.caririemacao.com\/1\/wp-json\/wp\/v2\/posts\/179686\/revisions"}],"predecessor-version":[{"id":179688,"href":"https:\/\/www.caririemacao.com\/1\/wp-json\/wp\/v2\/posts\/179686\/revisions\/179688"}],"wp:featuredmedia":[{"embeddable":true,"href":"https:\/\/www.caririemacao.com\/1\/wp-json\/wp\/v2\/media\/179687"}],"wp:attachment":[{"href":"https:\/\/www.caririemacao.com\/1\/wp-json\/wp\/v2\/media?parent=179686"}],"wp:term":[{"taxonomy":"category","embeddable":true,"href":"https:\/\/www.caririemacao.com\/1\/wp-json\/wp\/v2\/categories?post=179686"},{"taxonomy":"post_tag","embeddable":true,"href":"https:\/\/www.caririemacao.com\/1\/wp-json\/wp\/v2\/tags?post=179686"}],"curies":[{"name":"wp","href":"https:\/\/api.w.org\/{rel}","templated":true}]}}