{"id":179698,"date":"2020-07-20T14:26:46","date_gmt":"2020-07-20T17:26:46","guid":{"rendered":"https:\/\/www.caririemacao.com\/1\/?p=179698"},"modified":"2020-07-20T14:26:46","modified_gmt":"2020-07-20T17:26:46","slug":"prefeitura-de-monteiro-faz-entrega-de-cestas-sociais-beneficiando-500-familias-2","status":"publish","type":"post","link":"https:\/\/www.caririemacao.com\/1\/2020\/07\/20\/prefeitura-de-monteiro-faz-entrega-de-cestas-sociais-beneficiando-500-familias-2\/","title":{"rendered":"Prefeitura de Monteiro faz entrega de Cestas Sociais beneficiando 500 fam\u00edlias"},"content":{"rendered":"\n<h1 class=\"wp-block-heading\"><\/h1>\n\n\n\n<p>A Prefeitura municipal de Monteiro d\u00e1 prosseguimento nesta ter\u00e7a-feira, 21, a um dos mais importantes programas sociais de sua hist\u00f3ria, principalmente tendo em vista o aumento da vulnerabilidade social em tempos de pandemia.<\/p>\n\n\n\n<p>Ser\u00e1 entregue mais uma vez, a \u201cCesta Social\u201d, programa idealizado e realizado pela atual gest\u00e3o, com recursos pr\u00f3prios, e que beneficia mensalmente 500 fam\u00edlias de baixa renda com produtos essenciais para a manuten\u00e7\u00e3o nutricional adequada.<\/p>\n\n\n\n<p>A entrega \u00e9 realizada atrav\u00e9s da Secretaria de Desenvolvimento Social do munic\u00edpio e desde o in\u00edcio do sistema de isolamento social est\u00e1 sendo feito dentro de um cronograma que evita as filas e grandes aglomera\u00e7\u00f5es, trazendo mais comodidade aos benefici\u00e1rios.<\/p>\n\n\n\n<p>O calend\u00e1rio de entrega est\u00e1 sendo feito de acordo com as cores dos cart\u00f5es, formato elaborado com o intuito de propiciar o distanciamento e todas as regras dispostas no decreto municipal.<\/p>\n\n\n\n<p>Cronograma de Entrega da Cesta Social<\/p>\n\n\n\n<p>Ter\u00e7a \u2013 Cart\u00e3o Branco<br>Quarta \u2013 Cart\u00e3o Azul<br>Quinta \u2013 Cart\u00e3o Amarelo<br>Sexta \u2013 Cart\u00f5es Verde e Rosa<\/p>\n\n\n\n<p>A entrega est\u00e1 sendo feita no Centro Gastron\u00f4mico no hor\u00e1rio das 08 \u00e0s 12h e das 13:30 \u00e0s 17:30h.<\/p>\n","protected":false},"excerpt":{"rendered":"<p>A Prefeitura municipal de Monteiro d\u00e1 prosseguimento nesta ter\u00e7a-feira, 21, a um dos mais importantes programas sociais de sua hist\u00f3ria, principalmente tendo em vista o&hellip; <\/p>\n","protected":false},"author":2,"featured_media":179699,"comment_status":"closed","ping_status":"closed","sticky":false,"template":"","format":"standard","meta":{"sfsi_plus_gutenberg_text_before_share":"","sfsi_plus_gutenberg_show_text_before_share":"","sfsi_plus_gutenberg_icon_type":"","sfsi_plus_gutenberg_icon_alignemt":"","sfsi_plus_gutenburg_max_per_row":"","footnotes":""},"categories":[2],"tags":[],"class_list":["post-179698","post","type-post","status-publish","format-standard","has-post-thumbnail","hentry","category-geral"],"_links":{"self":[{"href":"https:\/\/www.caririemacao.com\/1\/wp-json\/wp\/v2\/posts\/179698","targetHints":{"allow":["GET"]}}],"collection":[{"href":"https:\/\/www.caririemacao.com\/1\/wp-json\/wp\/v2\/posts"}],"about":[{"href":"https:\/\/www.caririemacao.com\/1\/wp-json\/wp\/v2\/types\/post"}],"author":[{"embeddable":true,"href":"https:\/\/www.caririemacao.com\/1\/wp-json\/wp\/v2\/users\/2"}],"replies":[{"embeddable":true,"href":"https:\/\/www.caririemacao.com\/1\/wp-json\/wp\/v2\/comments?post=179698"}],"version-history":[{"count":1,"href":"https:\/\/www.caririemacao.com\/1\/wp-json\/wp\/v2\/posts\/179698\/revisions"}],"predecessor-version":[{"id":179700,"href":"https:\/\/www.caririemacao.com\/1\/wp-json\/wp\/v2\/posts\/179698\/revisions\/179700"}],"wp:featuredmedia":[{"embeddable":true,"href":"https:\/\/www.caririemacao.com\/1\/wp-json\/wp\/v2\/media\/179699"}],"wp:attachment":[{"href":"https:\/\/www.caririemacao.com\/1\/wp-json\/wp\/v2\/media?parent=179698"}],"wp:term":[{"taxonomy":"category","embeddable":true,"href":"https:\/\/www.caririemacao.com\/1\/wp-json\/wp\/v2\/categories?post=179698"},{"taxonomy":"post_tag","embeddable":true,"href":"https:\/\/www.caririemacao.com\/1\/wp-json\/wp\/v2\/tags?post=179698"}],"curies":[{"name":"wp","href":"https:\/\/api.w.org\/{rel}","templated":true}]}}