{"id":179702,"date":"2020-07-20T14:30:11","date_gmt":"2020-07-20T17:30:11","guid":{"rendered":"https:\/\/www.caririemacao.com\/1\/?p=179702"},"modified":"2020-07-20T14:30:11","modified_gmt":"2020-07-20T17:30:11","slug":"uepb-prorroga-inscricoes-para-programa-de-auxilio-a-estudantes-sem-acesso-a-internet","status":"publish","type":"post","link":"https:\/\/www.caririemacao.com\/1\/2020\/07\/20\/uepb-prorroga-inscricoes-para-programa-de-auxilio-a-estudantes-sem-acesso-a-internet\/","title":{"rendered":"UEPB prorroga inscri\u00e7\u00f5es para programa de aux\u00edlio a estudantes sem acesso \u00e0 internet"},"content":{"rendered":"\n<h1 class=\"wp-block-heading\"><\/h1>\n\n\n\n<p>A Pr\u00f3-Reitoria Estudantil (PROEST) da Universidade Estadual da Para\u00edba (UEPB) informa que&nbsp;prorrogou, at\u00e9 as 23h50 desta segunda-feira (20), as inscri\u00e7\u00f5es para o Programa Aux\u00edlio Conectividade, ofertado pela Institui\u00e7\u00e3o aos estudantes regularmente matriculados em componentes curriculares e\/ou atividades acad\u00eamicas que est\u00e3o sendo ofertadas de forma n\u00e3o presencial, devido \u00e0 pandemia, nos cursos de gradua\u00e7\u00e3o, p\u00f3s-gradua\u00e7\u00e3o e ensino m\u00e9dio\/t\u00e9cnico.<\/p>\n\n\n\n<p>O Aux\u00edlio Conectividade ser\u00e1 disponibilizado nas modalidades \u201cAcesso \u00e0 internet em car\u00e1ter emergencial\u201d, que conceder\u00e1 bolsa mensal no valor de R$ 100,00 para aquisi\u00e7\u00e3o de servi\u00e7o de internet enquanto durar as atividades regulamentadas pela Resolu\u00e7\u00e3o UEPB\/Consepe\/0229\/2020; e \u201cAquisi\u00e7\u00e3o de equipamentos\u201d, que concede bolsa em cota \u00fanica, no valor de R$ 1 mil, para aquisi\u00e7\u00e3o de equipamentos adequados ao acompanhamento das aulas remotas.<\/p>\n\n\n\n<p>Mais de um estudante da mesma fam\u00edlia poder\u00e1 ser contemplado pelo aux\u00edlio, que poder\u00e1 ser cumulativo com outras modalidades de aux\u00edlio, bolsas ou programas de ensino, pesquisa e extens\u00e3o. Para receber o Aux\u00edlio Conectividade, \u00e9 necess\u00e1rio que o aluno declare n\u00e3o possuir acesso \u00e0 internet e\/ou equipamento de qualidade para o desenvolvimento das atividades n\u00e3o presenciais, al\u00e9m de possuir renda per capita menor ou igual a R$ 785,77 (m\u00e9dia da renda per capita da Regi\u00e3o Nordeste, segundo o Instituto Brasileiro de Geografia e Estat\u00edstica \u2013 IBGE).<\/p>\n\n\n\n<p>Para a aquisi\u00e7\u00e3o de equipamentos, conforme a Modalidade II do Aux\u00edlio Conectividade, as especifica\u00e7\u00f5es t\u00e9cnicas sugeridas para que o equipamento adquirido pelo estudante atenda aos requisitos m\u00ednimos necess\u00e1rios para acompanhamento das atividades n\u00e3o presenciais oferecidas UEPB podem ser encontradas no endere\u00e7o eletr\u00f4nico&nbsp;<strong><a href=\"http:\/\/ctic.uepb.edu.br\/download\/especificacao-tablet-3g\/#\" target=\"_blank\" rel=\"noreferrer noopener\">http:\/\/ctic.uepb.edu.br\/download\/especificacao-tablet-3g\/#<\/a><\/strong>.<\/p>\n\n\n\n<p>Conforme o cronograma dos editais, o resultado preliminar dos alunos selecionados para o Aux\u00edlio Conectividade ser\u00e1 divulgado no dia 24 de julho. Aqueles que n\u00e3o foram contemplados e desejem apresentar recurso, poder\u00e3o realizar o procedimento de 24 a 26 de julho, mediante envio de mensagem para o e-mail&nbsp;<em><strong>proest@uepb.edu.br<\/strong><\/em>. O resultado final ser\u00e1 divulgado no dia 27 de julho.<\/p>\n","protected":false},"excerpt":{"rendered":"<p>A Pr\u00f3-Reitoria Estudantil (PROEST) da Universidade Estadual da Para\u00edba (UEPB) informa que&nbsp;prorrogou, at\u00e9 as 23h50 desta segunda-feira (20), as inscri\u00e7\u00f5es para o Programa Aux\u00edlio Conectividade,&hellip; <\/p>\n","protected":false},"author":2,"featured_media":179703,"comment_status":"closed","ping_status":"closed","sticky":false,"template":"","format":"standard","meta":{"sfsi_plus_gutenberg_text_before_share":"","sfsi_plus_gutenberg_show_text_before_share":"","sfsi_plus_gutenberg_icon_type":"","sfsi_plus_gutenberg_icon_alignemt":"","sfsi_plus_gutenburg_max_per_row":"","footnotes":""},"categories":[2],"tags":[],"class_list":["post-179702","post","type-post","status-publish","format-standard","has-post-thumbnail","hentry","category-geral"],"_links":{"self":[{"href":"https:\/\/www.caririemacao.com\/1\/wp-json\/wp\/v2\/posts\/179702","targetHints":{"allow":["GET"]}}],"collection":[{"href":"https:\/\/www.caririemacao.com\/1\/wp-json\/wp\/v2\/posts"}],"about":[{"href":"https:\/\/www.caririemacao.com\/1\/wp-json\/wp\/v2\/types\/post"}],"author":[{"embeddable":true,"href":"https:\/\/www.caririemacao.com\/1\/wp-json\/wp\/v2\/users\/2"}],"replies":[{"embeddable":true,"href":"https:\/\/www.caririemacao.com\/1\/wp-json\/wp\/v2\/comments?post=179702"}],"version-history":[{"count":1,"href":"https:\/\/www.caririemacao.com\/1\/wp-json\/wp\/v2\/posts\/179702\/revisions"}],"predecessor-version":[{"id":179704,"href":"https:\/\/www.caririemacao.com\/1\/wp-json\/wp\/v2\/posts\/179702\/revisions\/179704"}],"wp:featuredmedia":[{"embeddable":true,"href":"https:\/\/www.caririemacao.com\/1\/wp-json\/wp\/v2\/media\/179703"}],"wp:attachment":[{"href":"https:\/\/www.caririemacao.com\/1\/wp-json\/wp\/v2\/media?parent=179702"}],"wp:term":[{"taxonomy":"category","embeddable":true,"href":"https:\/\/www.caririemacao.com\/1\/wp-json\/wp\/v2\/categories?post=179702"},{"taxonomy":"post_tag","embeddable":true,"href":"https:\/\/www.caririemacao.com\/1\/wp-json\/wp\/v2\/tags?post=179702"}],"curies":[{"name":"wp","href":"https:\/\/api.w.org\/{rel}","templated":true}]}}