{"id":179706,"date":"2020-07-20T15:57:31","date_gmt":"2020-07-20T18:57:31","guid":{"rendered":"https:\/\/www.caririemacao.com\/1\/?p=179706"},"modified":"2020-07-20T15:57:31","modified_gmt":"2020-07-20T18:57:31","slug":"nao-precisamos-esperar-por-uma-vacina-podemos-salvar-vidas-agora-diz-diretor-geral-da-oms-sobre-a-pandemia","status":"publish","type":"post","link":"https:\/\/www.caririemacao.com\/1\/2020\/07\/20\/nao-precisamos-esperar-por-uma-vacina-podemos-salvar-vidas-agora-diz-diretor-geral-da-oms-sobre-a-pandemia\/","title":{"rendered":"&#8216;N\u00e3o precisamos esperar por uma vacina, podemos salvar vidas agora&#8217;, diz diretor-geral da OMS sobre a pandemia"},"content":{"rendered":"\n<p>A Organiza\u00e7\u00e3o Mundial da Sa\u00fade (OMS) alertou nesta segunda-feira (20) que o mundo n\u00e3o precisa esperar por uma vacina contra a Covid-19 para conseguir conter a pandemia.<\/p>\n\n\n\n<p>&#8220;N\u00e3o precisamos esperar por uma vacina, podemos salvar vidas agora&#8221;, disse o diretor-geral da OMS, Tedros Adhanon, afirmando que \u00e9 urgente os pa\u00edses aplicarem a t\u00e9cnica do rastreamento dos contatos dos pacientes infectados pelo coronav\u00edrus.<\/p>\n\n\n\n<p>&#8220;Nenhum pa\u00eds conseguir\u00e1 controlar sua epidemia se n\u00e3o souber onde est\u00e1 o v\u00edrus&#8221;, orientou Tedros. &#8220;O rastreamento de contatos \u00e9 essencial para localizar e isolar casos, al\u00e9m de identificar e colocar em quarentena os seus contatos.&#8221;<\/p>\n\n\n\n<p>A coletiva aconteceu pouco tempo ap\u00f3s os cientistas da\u00a0Universidade de Oxford, no Reino Unido, anunciarem que a vacina da universidade para a Covid-19 \u00e9 segura e induziu resposta imune.<\/p>\n\n\n\n<p>O diretor de emerg\u00eancias da OMS, Michael Ryan, parabenizou os cientistas de Oxford, mas alertou que\u00a0ainda h\u00e1 um longo caminho at\u00e9 alcan\u00e7armos a vacina contra o coronav\u00edrus.<\/p>\n\n\n\n<blockquote class=\"wp-block-quote is-layout-flow wp-block-quote-is-layout-flow\"><p>&#8220;Este \u00e9 um resultado positivo, mas novamente h\u00e1 um longo caminho a percorrer. Estes s\u00e3o os estudos da fase um, agora precisamos avan\u00e7ar para testes em larga escala no mundo real, mas \u00e9 bom ver mais dados e mais produtos entrando nessa fase muito importante da descoberta de vacinas&#8221;, diretor de emerg\u00eancias da OMS, MIchael Ryan.<\/p><\/blockquote>\n\n\n\n<p>&#8220;Mas s\u00e3o bons resultados. Damos parab\u00e9ns aos nossos colegas&#8221;, complementou Ryan.<\/p>\n\n\n\n<p>O representante da OMS na \u00c1frica, Ibrahima Soc\u00e9 Fall, participou da coletiva e falou sobre a import\u00e2ncia dos governos investir em profissionais de sa\u00fade para rastrearem todos os contatos dos pacientes infectados pela Covid-19.<\/p>\n\n\n\n<p>&#8220;A var\u00edola foi controlada atrav\u00e9s dessa t\u00e9cnica [de rastreamento de contatos]&#8221;, disse Ibrahima Soc\u00e9 Fall, que foi respons\u00e1vel pelo rastreamento do ebola na \u00c1frica. Segundo, Fall, a t\u00e9cnica tamb\u00e9m foi utilizada para conter a epidemia do Ebola.<\/p>\n\n\n\n<p>Quanto \u00e0s tecnologias, como aplicativos que est\u00e3o sendo usados para localizar e rastrear os contatos dos pacientes da Covid-19, o membro da OMS disse que s\u00e3o v\u00e1lidos, mas devem ser usadas como uma ferramenta a mais pelos \u00f3rg\u00e3os de sa\u00fade.<\/p>\n\n\n\n<p>&#8220;A tecnologias s\u00e3o \u00fateis para an\u00e1lise eficaz das informa\u00e7\u00f5es, mas \u00e9 preciso os recursos humanos [para conter a pademia]&#8221;, disse Fall, se referindo aos agentes de sa\u00fades p\u00fablicos que devem atuar junto \u00e0s comunidades, &#8220;passando de porta em porta&#8221;.<\/p>\n\n\n\n<h2 class=\"wp-block-heading\">Vacina de Oxford avan\u00e7a<\/h2>\n\n\n\n<p>No momento, 136 vacinas est\u00e3o sendo desenvolvidas em todo o mundo. A da Universidade de Oxford, no Reino Unido, \u00e9 a mais avan\u00e7ada.<\/p>\n\n\n\n<p>Os resultados positivos divulgados nesta segunda se referem \u00e0s duas primeiras fases de testes da imuniza\u00e7\u00e3o. A terceira fase est\u00e1 ocorrendo no Brasil.<\/p>\n\n\n\n<p>As fases 1 e 2 dos testes que foram conduzidas simultaneamente no Reino Unido, tiveram 1.077 volunt\u00e1rios. Os ensaios mostraram que a vacina foi capaz de induzir a resposta imune tanto por anticorpos como por c\u00e9lulas T at\u00e9 56 dias depois da administra\u00e7\u00e3o da dose.<\/p>\n\n\n\n<p>Uma vez que o mundo tiver uma vacina contra a Covid-19 pronta, Tedros alertou que o produto dever\u00e1 ser encarado pelos pa\u00edses como um &#8220;bem p\u00fablico global&#8221;, e que os governos devem se comprometer a garantir uma distribui\u00e7\u00e3o justa da vacina.<\/p>\n\n\n\n<h2 class=\"wp-block-heading\">Brasil e COVAX<\/h2>\n\n\n\n<p>Brasil e mais 74 pa\u00edses ao redor do mundo manifestaram interesse em entrar para o grupo internacional que negociar\u00e1 com os produtores da vacina contra a Covid-19, o COVAX.<\/p>\n\n\n\n<p>Com o apoio da OMS, o COVAX \u00e9 um esfor\u00e7o coletivo de v\u00e1rios pa\u00edses para acelerar o desenvolvimento, produ\u00e7\u00e3o e distribui\u00e7\u00e3o de futuras vacinas contra o coronav\u00edrus.<\/p>\n\n\n\n<p>Al\u00e9m disso, quando houver uma vacina eficiente, o COVAX negociar\u00e1 em nome dos pa\u00edses-membros diretamente com os produtores para garantir que o pre\u00e7o e a distribui\u00e7\u00e3o das doses sejam feitos de maneira justa.<\/p>\n\n\n\n<p>O G1 entrou em contato com o Minist\u00e9rio da Sa\u00fade e com o Itamaraty, por meio de suas assessorias, mas n\u00e3o obteve retorno.<\/p>\n\n\n\n<p>Apesar de ser descrito pela OMS como &#8220;um instrumento de financiamento destinado a incentivar os fabricantes de vacinas a produzir quantidades suficientes da vacinas contra a Covid-19, a fim de garantir o acesso aos pa\u00edses em desenvolvimento&#8221;, o COVAX n\u00e3o financiar\u00e1 as vacinas aos pa\u00edses-membros.<\/p>\n\n\n\n<p>Quem financiar\u00e1 a compra e distribui\u00e7\u00e3o das vacinas negociadas no COVAX ser\u00e3o os pr\u00f3prios pa\u00edses, mas caber\u00e1 ao grupo garantir que as negocia\u00e7\u00f5es sejam justas para todos.<\/p>\n\n\n\n<p>com g1<\/p>\n","protected":false},"excerpt":{"rendered":"<p>A Organiza\u00e7\u00e3o Mundial da Sa\u00fade (OMS) alertou nesta segunda-feira (20) que o mundo n\u00e3o precisa esperar por uma vacina contra a Covid-19 para conseguir conter&hellip; <\/p>\n","protected":false},"author":1,"featured_media":179708,"comment_status":"closed","ping_status":"closed","sticky":false,"template":"","format":"standard","meta":{"sfsi_plus_gutenberg_text_before_share":"","sfsi_plus_gutenberg_show_text_before_share":"","sfsi_plus_gutenberg_icon_type":"","sfsi_plus_gutenberg_icon_alignemt":"","sfsi_plus_gutenburg_max_per_row":"","footnotes":""},"categories":[50,16],"tags":[],"class_list":["post-179706","post","type-post","status-publish","format-standard","has-post-thumbnail","hentry","category-destaque","category-saude"],"_links":{"self":[{"href":"https:\/\/www.caririemacao.com\/1\/wp-json\/wp\/v2\/posts\/179706","targetHints":{"allow":["GET"]}}],"collection":[{"href":"https:\/\/www.caririemacao.com\/1\/wp-json\/wp\/v2\/posts"}],"about":[{"href":"https:\/\/www.caririemacao.com\/1\/wp-json\/wp\/v2\/types\/post"}],"author":[{"embeddable":true,"href":"https:\/\/www.caririemacao.com\/1\/wp-json\/wp\/v2\/users\/1"}],"replies":[{"embeddable":true,"href":"https:\/\/www.caririemacao.com\/1\/wp-json\/wp\/v2\/comments?post=179706"}],"version-history":[{"count":1,"href":"https:\/\/www.caririemacao.com\/1\/wp-json\/wp\/v2\/posts\/179706\/revisions"}],"predecessor-version":[{"id":179709,"href":"https:\/\/www.caririemacao.com\/1\/wp-json\/wp\/v2\/posts\/179706\/revisions\/179709"}],"wp:featuredmedia":[{"embeddable":true,"href":"https:\/\/www.caririemacao.com\/1\/wp-json\/wp\/v2\/media\/179708"}],"wp:attachment":[{"href":"https:\/\/www.caririemacao.com\/1\/wp-json\/wp\/v2\/media?parent=179706"}],"wp:term":[{"taxonomy":"category","embeddable":true,"href":"https:\/\/www.caririemacao.com\/1\/wp-json\/wp\/v2\/categories?post=179706"},{"taxonomy":"post_tag","embeddable":true,"href":"https:\/\/www.caririemacao.com\/1\/wp-json\/wp\/v2\/tags?post=179706"}],"curies":[{"name":"wp","href":"https:\/\/api.w.org\/{rel}","templated":true}]}}