{"id":179711,"date":"2020-07-20T16:01:42","date_gmt":"2020-07-20T19:01:42","guid":{"rendered":"https:\/\/www.caririemacao.com\/1\/?p=179711"},"modified":"2020-07-20T16:01:42","modified_gmt":"2020-07-20T19:01:42","slug":"ministro-da-educacao-diz-que-esta-com-covid-19","status":"publish","type":"post","link":"https:\/\/www.caririemacao.com\/1\/2020\/07\/20\/ministro-da-educacao-diz-que-esta-com-covid-19\/","title":{"rendered":"Ministro da Educa\u00e7\u00e3o diz que est\u00e1 com Covid-19"},"content":{"rendered":"\n<p>&#8220;Acabo de receber agora pela manh\u00e3 resultado positivo para COVID. J\u00e1 estou medicado e despacharei remotamente&#8221;, afirmou em uma rede social.<\/p>\n\n\n\n<p>O pastor e professor \u00e9 o quarto a chefiar o Minist\u00e9rio da Educa\u00e7\u00e3o e\u00a0foi empossado na \u00faltima quinta-feira (16). O an\u00fancio de que ele est\u00e1 com Covid-19 ocorre enquanto\u00a0se intensificam as negocia\u00e7\u00f5es sobre a renova\u00e7\u00e3o do Fundeb, um dos\u00a0principais desafios da pasta.<\/p>\n\n\n\n<figure class=\"wp-block-image\"><img decoding=\"async\" data-src=\"https:\/\/s02.video.glbimg.com\/x240\/8712153.jpg\" alt=\"Ministro da Educa\u00e7\u00e3o, Milton Ribeiro, diz em rede social que est\u00e1 com Covid-19\" title=\"Ministro da Educa\u00e7\u00e3o, Milton Ribeiro, diz em rede social que est\u00e1 com Covid-19\" src=\"data:image\/svg+xml;base64,PHN2ZyB3aWR0aD0iMSIgaGVpZ2h0PSIxIiB4bWxucz0iaHR0cDovL3d3dy53My5vcmcvMjAwMC9zdmciPjwvc3ZnPg==\" class=\"lazyload\" \/><\/figure>\n\n\n\n<p>H\u00e1 duas semanas, o\u00a0presidente Jair Bolsonaro anunciou que contraiu a Covid-19. Desde ent\u00e3o, ele vem trabalhando na resid\u00eancia oficial do Pal\u00e1cio da Alvorada e participou da posse de Ribeiro por videoconfer\u00eancia.<\/p>\n\n\n\n<p>Por\u00e9m, diversos ministros participaram da solenidade presencialmente:<\/p>\n\n\n\n<ol class=\"wp-block-list\"><li>Braga Netto, da Casa Civil;<\/li><li>Jorge Oliveira, da Secretaria-Geral;<\/li><li>Ernesto Ara\u00fajo, das Rela\u00e7\u00f5es Exteriores;<\/li><li>F\u00e1bio Faria, das Comunica\u00e7\u00f5es;<\/li><li>Paulo Guedes, da Economia;<\/li><li>Andr\u00e9 Mendon\u00e7a, da Justi\u00e7a e Seguran\u00e7a P\u00fablica;<\/li><li>Augusto Heleno, do GSI;<\/li><li>Damares Alves, dos Direitos Humanos;<\/li><li>Bento Albuquerque, de Minas e Energia;<\/li><li>Ricardo Salles, do Meio Ambiente;<\/li><li>Marcelo \u00c1lvaro Ant\u00f4nio, do Turismo;<\/li><li>Luiz Eduardo Ramos, da Secretaria de Governo;<\/li><li>Roberto Campos Neto, do Banco Central;<\/li><li>Marcos Pontes, da Ci\u00eancia e Tecnologia.<\/li><\/ol>\n\n\n\n<figure class=\"wp-block-image\"><img decoding=\"async\" data-src=\"https:\/\/s2.glbimg.com\/SX1XErDcmNnKId1CnSHOp7E9GmE=\/0x0:5339x3013\/984x0\/smart\/filters:strip_icc()\/i.s3.glbimg.com\/v1\/AUTH_59edd422c0c84a879bd37670ae4f538a\/internal_photos\/bs\/2020\/R\/G\/TUJJUQR1u4HCGlHu0nlA\/50120731002-24f89d1012-o.jpg\" alt=\"Milton Ribeiro discursa perante os demais ministros do governo ao ser empossado ministro da Educa\u00e7\u00e3o \u2014 Foto: Isac N\u00f3brega\/Presid\u00eancia da Rep\u00fablica\" src=\"data:image\/svg+xml;base64,PHN2ZyB3aWR0aD0iMSIgaGVpZ2h0PSIxIiB4bWxucz0iaHR0cDovL3d3dy53My5vcmcvMjAwMC9zdmciPjwvc3ZnPg==\" class=\"lazyload\" \/><\/figure>\n\n\n\n<p>Milton Ribeiro discursa perante os demais ministros do governo ao ser empossado ministro da Educa\u00e7\u00e3o \u2014 Foto: Isac N\u00f3brega\/Presid\u00eancia da Rep\u00fablica<\/p>\n\n\n\n<p>Tamb\u00e9m nesta segunda-feira, o\u00a0ministro da Cidadania, Onyx Lorenzoni, afirmou que contraiu a doen\u00e7a.<\/p>\n\n\n\n<p>Al\u00e9m de Ribeiro e Lorenzoni, j\u00e1 pegaram Covid-19 os ministros Augusto Heleno (Gabinete de Seguran\u00e7a Institucional), e Bento Albuquerque (Minas e Energia). O secret\u00e1rio-executivo do Minist\u00e9rio das Comunica\u00e7\u00f5es, F\u00e1bio Wajngarten, tamb\u00e9m contraiu a doen\u00e7a.<\/p>\n\n\n\n<p>Com G1 <\/p>\n","protected":false},"excerpt":{"rendered":"<p>&#8220;Acabo de receber agora pela manh\u00e3 resultado positivo para COVID. J\u00e1 estou medicado e despacharei remotamente&#8221;, afirmou em uma rede social. O pastor e professor&hellip; <\/p>\n","protected":false},"author":1,"featured_media":179712,"comment_status":"closed","ping_status":"closed","sticky":false,"template":"","format":"standard","meta":{"sfsi_plus_gutenberg_text_before_share":"","sfsi_plus_gutenberg_show_text_before_share":"","sfsi_plus_gutenberg_icon_type":"","sfsi_plus_gutenberg_icon_alignemt":"","sfsi_plus_gutenburg_max_per_row":"","footnotes":""},"categories":[2],"tags":[],"class_list":["post-179711","post","type-post","status-publish","format-standard","has-post-thumbnail","hentry","category-geral"],"_links":{"self":[{"href":"https:\/\/www.caririemacao.com\/1\/wp-json\/wp\/v2\/posts\/179711","targetHints":{"allow":["GET"]}}],"collection":[{"href":"https:\/\/www.caririemacao.com\/1\/wp-json\/wp\/v2\/posts"}],"about":[{"href":"https:\/\/www.caririemacao.com\/1\/wp-json\/wp\/v2\/types\/post"}],"author":[{"embeddable":true,"href":"https:\/\/www.caririemacao.com\/1\/wp-json\/wp\/v2\/users\/1"}],"replies":[{"embeddable":true,"href":"https:\/\/www.caririemacao.com\/1\/wp-json\/wp\/v2\/comments?post=179711"}],"version-history":[{"count":1,"href":"https:\/\/www.caririemacao.com\/1\/wp-json\/wp\/v2\/posts\/179711\/revisions"}],"predecessor-version":[{"id":179713,"href":"https:\/\/www.caririemacao.com\/1\/wp-json\/wp\/v2\/posts\/179711\/revisions\/179713"}],"wp:featuredmedia":[{"embeddable":true,"href":"https:\/\/www.caririemacao.com\/1\/wp-json\/wp\/v2\/media\/179712"}],"wp:attachment":[{"href":"https:\/\/www.caririemacao.com\/1\/wp-json\/wp\/v2\/media?parent=179711"}],"wp:term":[{"taxonomy":"category","embeddable":true,"href":"https:\/\/www.caririemacao.com\/1\/wp-json\/wp\/v2\/categories?post=179711"},{"taxonomy":"post_tag","embeddable":true,"href":"https:\/\/www.caririemacao.com\/1\/wp-json\/wp\/v2\/tags?post=179711"}],"curies":[{"name":"wp","href":"https:\/\/api.w.org\/{rel}","templated":true}]}}