{"id":179714,"date":"2020-07-20T16:12:33","date_gmt":"2020-07-20T19:12:33","guid":{"rendered":"https:\/\/www.caririemacao.com\/1\/?p=179714"},"modified":"2020-07-20T16:12:33","modified_gmt":"2020-07-20T19:12:33","slug":"ao-planalto-deputados-criticam-proposta-de-guedes-e-veem-drible-no-teto-com-mudanca-no-fundeb","status":"publish","type":"post","link":"https:\/\/www.caririemacao.com\/1\/2020\/07\/20\/ao-planalto-deputados-criticam-proposta-de-guedes-e-veem-drible-no-teto-com-mudanca-no-fundeb\/","title":{"rendered":"Ao Planalto, deputados criticam proposta de Guedes e veem drible no teto com mudan\u00e7a no Fundeb"},"content":{"rendered":"\n<p>Parlamentares avisaram ao Pal\u00e1cio do Planalto que veem dificuldades para aprovar a proposta do ministro da Economia, Paulo Guedes, que prev\u00ea o uso de parte do\u00a0Fundeb\u00a0para um programa de transfer\u00eancia de renda.<\/p>\n\n\n\n<p>O governo aceitou a proposta da C\u00e2mara, de subir a complementa\u00e7\u00e3o da Uni\u00e3o no fundo que financia a educa\u00e7\u00e3o b\u00e1sica de 10% para 20%, mas desde que 5% dos dez pontos percentuais de aumento na participa\u00e7\u00e3o da Uni\u00e3o seja destinada \u00e0 &#8220;transfer\u00eancia direta de renda para fam\u00edlias com crian\u00e7as em idade escolar que se encontrem em situa\u00e7\u00e3o de pobreza ou extrema pobreza&#8221;.<\/p>\n\n\n\n<p>L\u00edderes da C\u00e2mara avisaram ao Planalto que, se o governo quiser, ter\u00e1 de propor um percentual adicional, fora dos 20%, uma vez que a contraproposta de Guedes furaria o teto de gastos. O Fundeb est\u00e1 fora da regra que, desde 2016, impede o crescimento de gastos acima da infla\u00e7\u00e3o.<\/p>\n\n\n\n<p>O governo, de olho no apoio eleitoral das classes mais vulner\u00e1veis da sociedade, busca ampliar pol\u00edticas sociais como esse projeto, apelidado nos bastidores de &#8221; Bolsa Fam\u00edlia da Edua\u00e7\u00e3o&#8221;.<\/p>\n\n\n\n<p>No entanto, integrantes do governo, de posse da informa\u00e7\u00e3o de l\u00edderes partid\u00e1rios, querem convencer o presidente Bolsonaro a pedir a Guedes que negocie um acr\u00e9scimo ao percentual de 20% j\u00e1 consensual na C\u00e2mara.<\/p>\n\n\n\n<p>Rodrigo Maia, presidente da C\u00e2mara, trabalha para aprovar o Fundeb nesta semana.<\/p>\n\n\n\n<p>Governistas tentam adiar a vota\u00e7\u00e3o do Fundeb por algumas semanas, argumentando que o novo ministro da Educa\u00e7\u00e3o acabou de assumir &#8212; e ainda precisa se inteirar do assunto.<\/p>\n\n\n\n<p>Deputados ouvidos pelo blog s\u00e3o contra essa estrat\u00e9gia e querem votar nesta semana.<\/p>\n\n\n\n<p>Se o Fundeb n\u00e3o for votado neste ano, ele perde a validade.<\/p>\n\n\n\n<p>COM G1<\/p>\n","protected":false},"excerpt":{"rendered":"<p>Parlamentares avisaram ao Pal\u00e1cio do Planalto que veem dificuldades para aprovar a proposta do ministro da Economia, Paulo Guedes, que prev\u00ea o uso de parte&hellip; <\/p>\n","protected":false},"author":1,"featured_media":179715,"comment_status":"closed","ping_status":"closed","sticky":false,"template":"","format":"standard","meta":{"sfsi_plus_gutenberg_text_before_share":"","sfsi_plus_gutenberg_show_text_before_share":"","sfsi_plus_gutenberg_icon_type":"","sfsi_plus_gutenberg_icon_alignemt":"","sfsi_plus_gutenburg_max_per_row":"","footnotes":""},"categories":[50,2],"tags":[],"class_list":["post-179714","post","type-post","status-publish","format-standard","has-post-thumbnail","hentry","category-destaque","category-geral"],"_links":{"self":[{"href":"https:\/\/www.caririemacao.com\/1\/wp-json\/wp\/v2\/posts\/179714","targetHints":{"allow":["GET"]}}],"collection":[{"href":"https:\/\/www.caririemacao.com\/1\/wp-json\/wp\/v2\/posts"}],"about":[{"href":"https:\/\/www.caririemacao.com\/1\/wp-json\/wp\/v2\/types\/post"}],"author":[{"embeddable":true,"href":"https:\/\/www.caririemacao.com\/1\/wp-json\/wp\/v2\/users\/1"}],"replies":[{"embeddable":true,"href":"https:\/\/www.caririemacao.com\/1\/wp-json\/wp\/v2\/comments?post=179714"}],"version-history":[{"count":1,"href":"https:\/\/www.caririemacao.com\/1\/wp-json\/wp\/v2\/posts\/179714\/revisions"}],"predecessor-version":[{"id":179716,"href":"https:\/\/www.caririemacao.com\/1\/wp-json\/wp\/v2\/posts\/179714\/revisions\/179716"}],"wp:featuredmedia":[{"embeddable":true,"href":"https:\/\/www.caririemacao.com\/1\/wp-json\/wp\/v2\/media\/179715"}],"wp:attachment":[{"href":"https:\/\/www.caririemacao.com\/1\/wp-json\/wp\/v2\/media?parent=179714"}],"wp:term":[{"taxonomy":"category","embeddable":true,"href":"https:\/\/www.caririemacao.com\/1\/wp-json\/wp\/v2\/categories?post=179714"},{"taxonomy":"post_tag","embeddable":true,"href":"https:\/\/www.caririemacao.com\/1\/wp-json\/wp\/v2\/tags?post=179714"}],"curies":[{"name":"wp","href":"https:\/\/api.w.org\/{rel}","templated":true}]}}