{"id":179717,"date":"2020-07-20T16:21:09","date_gmt":"2020-07-20T19:21:09","guid":{"rendered":"https:\/\/www.caririemacao.com\/1\/?p=179717"},"modified":"2020-07-20T16:21:09","modified_gmt":"2020-07-20T19:21:09","slug":"cientistas-descobrem-mecanismo-capaz-de-bloquear-zika-em-camundongos-e-evitar-microcefalia","status":"publish","type":"post","link":"https:\/\/www.caririemacao.com\/1\/2020\/07\/20\/cientistas-descobrem-mecanismo-capaz-de-bloquear-zika-em-camundongos-e-evitar-microcefalia\/","title":{"rendered":"Cientistas descobrem mecanismo capaz de bloquear zika em camundongos e evitar microcefalia"},"content":{"rendered":"\n<p>Cientistas de Brasil, Argentina e Estados Unidos identificaram o mecanismo de ataque do v\u00edrus da\u00a0zika\u00a0aos fetos e conseguiram bloquear a a\u00e7\u00e3o do v\u00edrus em camundongos, protegendo-os, portanto, contra a microcefalia. O estudo foi publicado nesta segunda-feira (20) na revista \u201cNature Neuroscience\u201d.<\/p>\n\n\n\n<p>H\u00e1 4 anos, o grupo j\u00e1 tinha encontrado as evid\u00eancias de que o zika causa a microcefalia. O imunologista brasileiro Jean Pierre Schatzmann Peron e sua equipe, do Instituto de Bioci\u00eancias (ICB) da Universidade de S\u00e3o Paulo e da Plataforma Pasteur-USP, tamb\u00e9m publicaram em 2016 um artigo na \u201cNature\u201d que relacionava o v\u00edrus \u00e0 malforma\u00e7\u00e3o dos beb\u00eas.<\/p>\n\n\n\n<p>Eles seguiram com as pesquisas, e passaram a trabalhar em colabora\u00e7\u00e3o com a Universidade Harvard e a Universidade de Buenos Aires. Outros cientistas do ICB, como a pesquisadora Carolina Demarqui Munhoz, tamb\u00e9m entraram para o grupo.<\/p>\n\n\n\n<blockquote class=\"wp-block-quote is-layout-flow wp-block-quote-is-layout-flow\"><p>Pela primeira vez, eles descreveram quais s\u00e3o os mecanismos que o v\u00edrus da zika usa para atravessar a placenta, se espalhar pelo c\u00e9rebro dos fetos e se multiplicar pelos neur\u00f4nios.<\/p><\/blockquote>\n\n\n\n<p>\u201cAo invadir as c\u00e9lulas do hospedeiro, o zika consegue desligar a produ\u00e7\u00e3o de duas subst\u00e2ncias usadas pelo sistema imune para combater infec\u00e7\u00f5es virais: o interferon do tipo 1 e a prote\u00edna da leucemia promieloc\u00edtica (PML),\u201d explica Peron.<\/p>\n\n\n\n<p>O v\u00edrus invade as c\u00e9lulas e atua sobre uma prote\u00edna, o receptor AHR. Ele \u00e9 ativado e limita a produ\u00e7\u00e3o das c\u00e9lulas imunes. Elas s\u00e3o muito importantes para a imunidade antiviral, tanto em camundongos quanto em humanos. A imunidade pr\u00f3pria das celulas tamb\u00e9m \u00e9 suprimida.<\/p>\n\n\n\n<p>Assim, o zika consegue derrubar as barreiras de prote\u00e7\u00e3o e passa a se multiplicar livremente. Ele cruza a placenta, infecta os fetos e invade os precursores neuronais, onde se replica e causa a microcefalia nos beb\u00eas.<\/p>\n\n\n\n<p>\u201cA les\u00e3o no feto \u00e9 diretamente proporcional \u00e0 quantidade de v\u00edrus na m\u00e3e. Uma vez que o receptor AHR desliga a resposta imune da m\u00e3e, o v\u00edrus n\u00e3o tem barreiras, replicando-se livremente e alcan\u00e7ando o feto,\u201d diz Peron.<\/p>\n\n\n\n<h2 class=\"wp-block-heading\">Uma nova solu\u00e7\u00e3o<\/h2>\n\n\n\n<p>Depois de descobrir o mecanismo, os cientistas foram atr\u00e1s de um poss\u00edvel medicamento.<\/p>\n\n\n\n<p>\u201cSe a ativa\u00e7\u00e3o da prote\u00edna AHR facilita a replica\u00e7\u00e3o do zika, seria l\u00f3gico imaginar que uma droga capaz de impedir a sua ativa\u00e7\u00e3o teria um poss\u00edvel efeito ben\u00e9fico contra a a\u00e7\u00e3o do v\u00edrus,\u201d argumenta Peron.<\/p>\n\n\n\n<p>Ent\u00e3o os cientistas usaram um medicamento em f\u00eameas de camundongos em gesta\u00e7\u00e3o infectadas com o zika e viram uma melhora nas les\u00f5es. No caso dos neur\u00f4nios do c\u00e9rebro, Peron diz que o medicamento \u201cbloqueou 100% da a\u00e7\u00e3o do v\u00edrus\u201d.<\/p>\n\n\n\n<blockquote class=\"wp-block-quote is-layout-flow wp-block-quote-is-layout-flow\"><p>\u201cNosso maior desafio foi mostrar que, com o tratamento, n\u00f3s obtivemos melhora na les\u00e3o cerebral. De nada adiantaria observar uma melhora apenas nas m\u00e3es, sem fazer nenhum efeito no c\u00e9rebro dos fetos. Mas o tratamento surtiu efeito tanto nas m\u00e3es quanto nos fetos.\u201d<\/p><\/blockquote>\n\n\n\n<p>Segundo Peron, o c\u00e9rebro dos fetos infectados com o zika e medicados com a nova droga eram praticamente iguais ao c\u00e9rebro de fetos sem o v\u00edrus. \u201cOs fetos tratados com a droga voltaram a nascer com peso normal. O comprimento total dos animais tamb\u00e9m melhorou. Na placenta e no c\u00e9rebro, pudemos observar que a remiss\u00e3o do v\u00edrus foi total,\u201d afirma o pesquisador brasileiro.<\/p>\n\n\n\n<p>Por enquanto, a droga ainda precisa ser testada em humanos, pr\u00f3ximo passo da pesquisa. O surto da zika ocorreu entre abril de 2015 e novembro de 2016. At\u00e9 2019, de acordo com dados do Minist\u00e9rio da Sa\u00fade, foram confirmados 3.239 casos de crian\u00e7as que nasceram com altera\u00e7\u00f5es no crescimento e desenvolvimento possivelmente relacionados \u00e0 infec\u00e7\u00e3o pelo v\u00edrus. No mesmo per\u00edodo, a doen\u00e7a causou 402 \u00f3bitos.<\/p>\n\n\n\n<p>Com G1 <\/p>\n","protected":false},"excerpt":{"rendered":"<p>Cientistas de Brasil, Argentina e Estados Unidos identificaram o mecanismo de ataque do v\u00edrus da\u00a0zika\u00a0aos fetos e conseguiram bloquear a a\u00e7\u00e3o do v\u00edrus em camundongos,&hellip; <\/p>\n","protected":false},"author":1,"featured_media":179718,"comment_status":"closed","ping_status":"closed","sticky":false,"template":"","format":"standard","meta":{"sfsi_plus_gutenberg_text_before_share":"","sfsi_plus_gutenberg_show_text_before_share":"","sfsi_plus_gutenberg_icon_type":"","sfsi_plus_gutenberg_icon_alignemt":"","sfsi_plus_gutenburg_max_per_row":"","footnotes":""},"categories":[50,16],"tags":[],"class_list":["post-179717","post","type-post","status-publish","format-standard","has-post-thumbnail","hentry","category-destaque","category-saude"],"_links":{"self":[{"href":"https:\/\/www.caririemacao.com\/1\/wp-json\/wp\/v2\/posts\/179717","targetHints":{"allow":["GET"]}}],"collection":[{"href":"https:\/\/www.caririemacao.com\/1\/wp-json\/wp\/v2\/posts"}],"about":[{"href":"https:\/\/www.caririemacao.com\/1\/wp-json\/wp\/v2\/types\/post"}],"author":[{"embeddable":true,"href":"https:\/\/www.caririemacao.com\/1\/wp-json\/wp\/v2\/users\/1"}],"replies":[{"embeddable":true,"href":"https:\/\/www.caririemacao.com\/1\/wp-json\/wp\/v2\/comments?post=179717"}],"version-history":[{"count":1,"href":"https:\/\/www.caririemacao.com\/1\/wp-json\/wp\/v2\/posts\/179717\/revisions"}],"predecessor-version":[{"id":179719,"href":"https:\/\/www.caririemacao.com\/1\/wp-json\/wp\/v2\/posts\/179717\/revisions\/179719"}],"wp:featuredmedia":[{"embeddable":true,"href":"https:\/\/www.caririemacao.com\/1\/wp-json\/wp\/v2\/media\/179718"}],"wp:attachment":[{"href":"https:\/\/www.caririemacao.com\/1\/wp-json\/wp\/v2\/media?parent=179717"}],"wp:term":[{"taxonomy":"category","embeddable":true,"href":"https:\/\/www.caririemacao.com\/1\/wp-json\/wp\/v2\/categories?post=179717"},{"taxonomy":"post_tag","embeddable":true,"href":"https:\/\/www.caririemacao.com\/1\/wp-json\/wp\/v2\/tags?post=179717"}],"curies":[{"name":"wp","href":"https:\/\/api.w.org\/{rel}","templated":true}]}}