{"id":17972,"date":"2017-04-17T21:53:33","date_gmt":"2017-04-18T00:53:33","guid":{"rendered":"http:\/\/caririemacao.com\/1\/?p=17972"},"modified":"2017-04-17T21:53:33","modified_gmt":"2017-04-18T00:53:33","slug":"relator-inocenta-rc-ex-assessor-de-cassio-vota-contra-e-juiza-pede-vista","status":"publish","type":"post","link":"https:\/\/www.caririemacao.com\/1\/2017\/04\/17\/relator-inocenta-rc-ex-assessor-de-cassio-vota-contra-e-juiza-pede-vista\/","title":{"rendered":"Relator inocenta RC, ex-assessor de C\u00e1ssio vota contra e ju\u00edza pede vista"},"content":{"rendered":"<p>O Tribunal Regional Eleitoral da Para\u00edba (TRE-PB) come\u00e7ou nesta segunda-feira (17) a julgar a A\u00e7\u00e3o de Investiga\u00e7\u00e3o Judicial Eleitoral (Aije) da PBPrev, que investiga suposta utiliza\u00e7\u00e3o de recursos do Instituto de Previd\u00eancia do Estado em favor do governador Ricardo Coutinho, nas elei\u00e7\u00f5es de 2014. \u00a0O voto do desembargador Romero Marcelo, relator do processo, foi pela improced\u00eancia da a\u00e7\u00e3o, mas o julgamento foi interrompido por um pedido de vista da ju\u00edza Michelini Jatob\u00e1.<\/p>\n<p>Romero Marcelo justificou que n\u00e3o houve abuso de poder pol\u00edtico nos pagamentos de retroativos a aposentados e pensionistas do Estado. Para ele, a\u00a0movimenta\u00e7\u00e3o de processos com aquele objetivo seguiram procedimentos administrativos normais com o fim de garantir o direito de milhares de pessoas que aguardavam h\u00e1 anos a libera\u00e7\u00e3o dos valores.<\/p>\n<p>\u201cHouve um interesse privado que se amoldou ao interesse p\u00fablico para obter a simpatia eleitoral. Os benefici\u00e1rios receberam aquilo que fazia jus perante a lei. N\u00e3o houve acr\u00e9scimos. A movimenta\u00e7\u00e3o do processo n\u00e3o foi direcionada para eleitores espec\u00edficos. O pagamento de retroativos integra a rotina administrativa da PBPrev e assim continua. Ou seja, n\u00e3o houve execu\u00e7\u00e3o de programa social n\u00e3o previsto em lei. N\u00e3o se provou ter havido um crit\u00e9rio espec\u00edfico. N\u00e3o se constatou uma total subvers\u00e3o dessa ordem cronol\u00f3gica. A orienta\u00e7\u00e3o da CGE n\u00e3o era vinculante. O reconhecimento do abuso de poder n\u00e3o se imp\u00f5e a todas \u00e0s san\u00e7\u00f5es previstas, devendo atender ao princ\u00edpio da normalidade\u201d, declarou durante seu voto.<\/p>\n<p>Ele ainda destacou o impacto irris\u00f3rio que aquela a\u00e7\u00e3o da PBPrev teve diante do universo do eleitorado paraibano. \u201cA quantidade de benefici\u00e1rios equivale a 0, 8% do eleitorado paraibano. Portanto, n\u00e3o tem potencial para influenciar o resultado da elei\u00e7\u00e3o. Concluo que o n\u00famero de benefici\u00e1rios direto e indiretos indicam baixa gravidade da conduta que n\u00e3o autorizam cassa\u00e7\u00e3o e inelegibilidade. No m\u00e9rito estou indicando o voto pela improced\u00eancia da Aije\u201d,\u00a0alegou.<\/p>\n<p>Ap\u00f3s o voto do relator, foi a vez do\u00a0juiz substituto M\u00e1rcio Maranh\u00e3o votar, se posicionando contr\u00e1rio a Romero Marcelo. M\u00e1rcio Maranh\u00e3o \u00e9 ex-assessor e ex-testemunha do ent\u00e3o governador C\u00e1ssio Cunha Lima (PSDB), em outros processos contra o governador Ricardo Coutinho (PSB).<\/p>\n<p>Com o pedido de vistas da ju\u00edza Micheline Jatob\u00e1, o processo deve retornar \u00e0 pauta do TRE apenas no dia 04 de maio.<\/p>\n<p><strong>CARIRI EM A\u00c7\u00c3O<\/strong><\/p>\n<p>Com PB J\u00e1 \/ Fotos: Reprodu\u00e7\u00e3o Google<\/p>\n<p><strong>Leia mais not\u00edcias em\u00a0<\/strong><a href=\"http:\/\/www.caririemacao.com\/\"><strong>caririemacao.com<\/strong><\/a><strong>, siga nossa p\u00e1gina no\u00a0<\/strong><a href=\"https:\/\/www.facebook.com\/CaririEmAcao\/?ref=aymt_homepage_panel\"><strong>Facebook<\/strong><\/a><strong>\u00a0e\u00a0<a href=\"https:\/\/www.instagram.com\/cariri_em_acao\/?hl=pt-br\">Instagram<\/a>\u00a0veja nossas mat\u00e9rias e fotos. Voc\u00ea tamb\u00e9m pode enviar informa\u00e7\u00f5es \u00e0 Reda\u00e7\u00e3o do Portal Cariri em A\u00e7\u00e3o pelo WhatsApp (83) 9 9634.5791, (83) 9 9601-1162.<\/strong><\/p>\n","protected":false},"excerpt":{"rendered":"<p>O Tribunal Regional Eleitoral da Para\u00edba (TRE-PB) come\u00e7ou nesta segunda-feira (17) a julgar a A\u00e7\u00e3o de Investiga\u00e7\u00e3o Judicial Eleitoral (Aije) da PBPrev, que investiga suposta&hellip; <\/p>\n","protected":false},"author":2,"featured_media":17973,"comment_status":"closed","ping_status":"closed","sticky":false,"template":"","format":"standard","meta":{"sfsi_plus_gutenberg_text_before_share":"","sfsi_plus_gutenberg_show_text_before_share":"","sfsi_plus_gutenberg_icon_type":"","sfsi_plus_gutenberg_icon_alignemt":"","sfsi_plus_gutenburg_max_per_row":"","footnotes":""},"categories":[11],"tags":[],"class_list":["post-17972","post","type-post","status-publish","format-standard","has-post-thumbnail","hentry","category-politica"],"_links":{"self":[{"href":"https:\/\/www.caririemacao.com\/1\/wp-json\/wp\/v2\/posts\/17972","targetHints":{"allow":["GET"]}}],"collection":[{"href":"https:\/\/www.caririemacao.com\/1\/wp-json\/wp\/v2\/posts"}],"about":[{"href":"https:\/\/www.caririemacao.com\/1\/wp-json\/wp\/v2\/types\/post"}],"author":[{"embeddable":true,"href":"https:\/\/www.caririemacao.com\/1\/wp-json\/wp\/v2\/users\/2"}],"replies":[{"embeddable":true,"href":"https:\/\/www.caririemacao.com\/1\/wp-json\/wp\/v2\/comments?post=17972"}],"version-history":[{"count":0,"href":"https:\/\/www.caririemacao.com\/1\/wp-json\/wp\/v2\/posts\/17972\/revisions"}],"wp:featuredmedia":[{"embeddable":true,"href":"https:\/\/www.caririemacao.com\/1\/wp-json\/wp\/v2\/media\/17973"}],"wp:attachment":[{"href":"https:\/\/www.caririemacao.com\/1\/wp-json\/wp\/v2\/media?parent=17972"}],"wp:term":[{"taxonomy":"category","embeddable":true,"href":"https:\/\/www.caririemacao.com\/1\/wp-json\/wp\/v2\/categories?post=17972"},{"taxonomy":"post_tag","embeddable":true,"href":"https:\/\/www.caririemacao.com\/1\/wp-json\/wp\/v2\/tags?post=17972"}],"curies":[{"name":"wp","href":"https:\/\/api.w.org\/{rel}","templated":true}]}}