{"id":179721,"date":"2020-07-20T16:27:57","date_gmt":"2020-07-20T19:27:57","guid":{"rendered":"https:\/\/www.caririemacao.com\/1\/?p=179721"},"modified":"2020-07-20T16:27:57","modified_gmt":"2020-07-20T19:27:57","slug":"lider-do-alto-xingu-e-internado-em-estado-grave-com-covid-19-em-mt","status":"publish","type":"post","link":"https:\/\/www.caririemacao.com\/1\/2020\/07\/20\/lider-do-alto-xingu-e-internado-em-estado-grave-com-covid-19-em-mt\/","title":{"rendered":"L\u00edder do Alto Xingu \u00e9 internado em estado grave com Covid-19 em MT"},"content":{"rendered":"\n<p>O l\u00edder do Alto Xingu foi internado em estado grave em uma Unidade de Terapia Intensiva (UTI), em Canarana, a 838 km de Cuiab\u00e1, nesse fim de semana. Aritana Yawalapiti, de 71 anos, faz tratamento contra a Covid-19.<\/p>\n\n\n\n<p>O cacique estava em casa quando come\u00e7ou a sentir os primeiros sintomas da doen\u00e7a. Ele procurou atendimento de sa\u00fade na pr\u00f3pria aldeia e foi medicado.<\/p>\n\n\n\n<p>No entanto, no \u00faltimo fim de semana, ele precisou ser levado para a cidade \u00e0s pressas pela equipe de sa\u00fade devido ao quadro respirat\u00f3rio que se agravou.<\/p>\n\n\n\n<p>Conforme o boletim epidemiol\u00f3gico divulgado pela Secretaria Especial de Sa\u00fade Ind\u00edgena, no s\u00e1bado (18), a regi\u00e3o do Xingu contabilizava 74 infectados pelo novo coronav\u00edrus e cinco mortos pela doen\u00e7a.<\/p>\n\n\n\n<figure class=\"wp-block-image\"><img decoding=\"async\" data-src=\"https:\/\/s2.glbimg.com\/4Qi_tBVzJs-mylpcGvG4nVNzwHY=\/0x115:853x937\/984x0\/smart\/filters:strip_icc()\/i.s3.glbimg.com\/v1\/AUTH_59edd422c0c84a879bd37670ae4f538a\/internal_photos\/bs\/2020\/t\/o\/eORerIREmDPmXr8uaVkw\/whatsapp-image-2020-07-20-at-09.51.42.jpeg\" alt=\"Aritana Yawalapiti \u00e9 l\u00edder do Alto Xingu em MT \u2014 Foto: Ant\u00f4nio Carlos Banavita\" src=\"data:image\/svg+xml;base64,PHN2ZyB3aWR0aD0iMSIgaGVpZ2h0PSIxIiB4bWxucz0iaHR0cDovL3d3dy53My5vcmcvMjAwMC9zdmciPjwvc3ZnPg==\" class=\"lazyload\" \/><\/figure>\n\n\n\n<p>Aritana Yawalapiti \u00e9 l\u00edder do Alto Xingu em MT \u2014 Foto: Ant\u00f4nio Carlos Banavita<\/p>\n\n\n\n<p>Aritana assumiu a lideran\u00e7a do Alto Xingu por volta de 1980. Desde ent\u00e3o, ele \u00e9 reconhecido por lutar pela defesa dos povos ind\u00edgenas, principalmente pela preserva\u00e7\u00e3o das terras j\u00e1 conquistadas.<\/p>\n\n\n\n<p>Outro l\u00edder ind\u00edgena internado com problemas de sa\u00fade \u00e9 o cacique\u00a0Raoni Metuktire, de 89 anos. Ele foi internado em um hospital de Col\u00edder, na quinta-feira (16), ap\u00f3s passar mal. J\u00e1 no s\u00e1bado (18) ele foi transferido de avi\u00e3o para uma Unidade de Terapia Intensiva (UTI) de Sinop ap\u00f3s complica\u00e7\u00f5es gastrointestinais e desidrata\u00e7\u00e3o. O estado de sa\u00fade dele \u00e9 est\u00e1vel.<\/p>\n","protected":false},"excerpt":{"rendered":"<p>O l\u00edder do Alto Xingu foi internado em estado grave em uma Unidade de Terapia Intensiva (UTI), em Canarana, a 838 km de Cuiab\u00e1, nesse&hellip; <\/p>\n","protected":false},"author":1,"featured_media":179722,"comment_status":"closed","ping_status":"closed","sticky":false,"template":"","format":"standard","meta":{"sfsi_plus_gutenberg_text_before_share":"","sfsi_plus_gutenberg_show_text_before_share":"","sfsi_plus_gutenberg_icon_type":"","sfsi_plus_gutenberg_icon_alignemt":"","sfsi_plus_gutenburg_max_per_row":"","footnotes":""},"categories":[50],"tags":[],"class_list":["post-179721","post","type-post","status-publish","format-standard","has-post-thumbnail","hentry","category-destaque"],"_links":{"self":[{"href":"https:\/\/www.caririemacao.com\/1\/wp-json\/wp\/v2\/posts\/179721","targetHints":{"allow":["GET"]}}],"collection":[{"href":"https:\/\/www.caririemacao.com\/1\/wp-json\/wp\/v2\/posts"}],"about":[{"href":"https:\/\/www.caririemacao.com\/1\/wp-json\/wp\/v2\/types\/post"}],"author":[{"embeddable":true,"href":"https:\/\/www.caririemacao.com\/1\/wp-json\/wp\/v2\/users\/1"}],"replies":[{"embeddable":true,"href":"https:\/\/www.caririemacao.com\/1\/wp-json\/wp\/v2\/comments?post=179721"}],"version-history":[{"count":1,"href":"https:\/\/www.caririemacao.com\/1\/wp-json\/wp\/v2\/posts\/179721\/revisions"}],"predecessor-version":[{"id":179723,"href":"https:\/\/www.caririemacao.com\/1\/wp-json\/wp\/v2\/posts\/179721\/revisions\/179723"}],"wp:featuredmedia":[{"embeddable":true,"href":"https:\/\/www.caririemacao.com\/1\/wp-json\/wp\/v2\/media\/179722"}],"wp:attachment":[{"href":"https:\/\/www.caririemacao.com\/1\/wp-json\/wp\/v2\/media?parent=179721"}],"wp:term":[{"taxonomy":"category","embeddable":true,"href":"https:\/\/www.caririemacao.com\/1\/wp-json\/wp\/v2\/categories?post=179721"},{"taxonomy":"post_tag","embeddable":true,"href":"https:\/\/www.caririemacao.com\/1\/wp-json\/wp\/v2\/tags?post=179721"}],"curies":[{"name":"wp","href":"https:\/\/api.w.org\/{rel}","templated":true}]}}