{"id":179724,"date":"2020-07-20T16:30:34","date_gmt":"2020-07-20T19:30:34","guid":{"rendered":"https:\/\/www.caririemacao.com\/1\/?p=179724"},"modified":"2020-07-20T16:30:34","modified_gmt":"2020-07-20T19:30:34","slug":"cacique-raoni-passa-por-transfusao-de-sangue-e-recebe-tratamento-contra-ulceras-em-mt","status":"publish","type":"post","link":"https:\/\/www.caririemacao.com\/1\/2020\/07\/20\/cacique-raoni-passa-por-transfusao-de-sangue-e-recebe-tratamento-contra-ulceras-em-mt\/","title":{"rendered":"Cacique Raoni passa por transfus\u00e3o de sangue e recebe tratamento contra \u00falceras em MT"},"content":{"rendered":"\n<p>O cacique Raoni Metuktire, de 89 anos, l\u00edder da etnia Kayap\u00f3, passou por uma transfus\u00e3o de sangue nesse domingo (19), em Sinop, no norte do estado. Exames apontaram que o l\u00edder ind\u00edgena est\u00e1 com duas \u00falceras j\u00e1 em fase de cicatriza\u00e7\u00e3o.<\/p>\n\n\n\n<p>O sobrinho-neto de Raoni, Patxon Metuktire, informou que a suspeita de um sangramento digestivo foi descartada ap\u00f3s exames.<\/p>\n\n\n\n<blockquote class=\"wp-block-quote is-layout-flow wp-block-quote-is-layout-flow\"><p>\u201cVov\u00f4 Raoni est\u00e1 bem, segundo o boletim m\u00e9dico. Ele reagiu bem \u00e0 transfus\u00e3o de sangue. Os exames correram bem, sem intercorr\u00eancias\u201d, ressaltou.<\/p><\/blockquote>\n\n\n\n<p>O estado de sa\u00fade do cacique \u00e9\u00a0est\u00e1vel. Ele tamb\u00e9m realizou uma resson\u00e2ncia magn\u00e9tica e aguarda o resultado.<\/p>\n\n\n\n<p>Segundo Patxon, o tratamento contra as \u00falceras ser\u00e1 mantido para terminar de cur\u00e1-las.<\/p>\n\n\n\n<p>Segundo a dire\u00e7\u00e3o do Instituto Raoni, o\u00a0cacique apresentou um quadro depressivo\u00a0ap\u00f3s a morte da mulher dele, Bekwyjk\u00e0 Metuktire, no dia 23 de junho, h\u00e1 um m\u00eas. Ela tinha diabetes e sofreu um Acidente Vascular Cerebral (AVC).<\/p>\n\n\n\n<p>O l\u00edder ind\u00edgena foi internado em um hospital de Col\u00edder, na quinta-feira (16), ap\u00f3s passar mal. J\u00e1 no s\u00e1bado (18) ele foi\u00a0transferido de avi\u00e3o para Sinop\u00a0ap\u00f3s complica\u00e7\u00f5es gastrointestinais e desidrata\u00e7\u00e3o.<\/p>\n\n\n\n<p>Raoni \u00e9 conhecido internacionalmente pela defesa dos direitos dos povos ind\u00edgenas.<\/p>\n\n\n\n<p>COM G1<\/p>\n","protected":false},"excerpt":{"rendered":"<p>O cacique Raoni Metuktire, de 89 anos, l\u00edder da etnia Kayap\u00f3, passou por uma transfus\u00e3o de sangue nesse domingo (19), em Sinop, no norte do&hellip; <\/p>\n","protected":false},"author":1,"featured_media":179725,"comment_status":"closed","ping_status":"closed","sticky":false,"template":"","format":"standard","meta":{"sfsi_plus_gutenberg_text_before_share":"","sfsi_plus_gutenberg_show_text_before_share":"","sfsi_plus_gutenberg_icon_type":"","sfsi_plus_gutenberg_icon_alignemt":"","sfsi_plus_gutenburg_max_per_row":"","footnotes":""},"categories":[50,2],"tags":[],"class_list":["post-179724","post","type-post","status-publish","format-standard","has-post-thumbnail","hentry","category-destaque","category-geral"],"_links":{"self":[{"href":"https:\/\/www.caririemacao.com\/1\/wp-json\/wp\/v2\/posts\/179724","targetHints":{"allow":["GET"]}}],"collection":[{"href":"https:\/\/www.caririemacao.com\/1\/wp-json\/wp\/v2\/posts"}],"about":[{"href":"https:\/\/www.caririemacao.com\/1\/wp-json\/wp\/v2\/types\/post"}],"author":[{"embeddable":true,"href":"https:\/\/www.caririemacao.com\/1\/wp-json\/wp\/v2\/users\/1"}],"replies":[{"embeddable":true,"href":"https:\/\/www.caririemacao.com\/1\/wp-json\/wp\/v2\/comments?post=179724"}],"version-history":[{"count":1,"href":"https:\/\/www.caririemacao.com\/1\/wp-json\/wp\/v2\/posts\/179724\/revisions"}],"predecessor-version":[{"id":179726,"href":"https:\/\/www.caririemacao.com\/1\/wp-json\/wp\/v2\/posts\/179724\/revisions\/179726"}],"wp:featuredmedia":[{"embeddable":true,"href":"https:\/\/www.caririemacao.com\/1\/wp-json\/wp\/v2\/media\/179725"}],"wp:attachment":[{"href":"https:\/\/www.caririemacao.com\/1\/wp-json\/wp\/v2\/media?parent=179724"}],"wp:term":[{"taxonomy":"category","embeddable":true,"href":"https:\/\/www.caririemacao.com\/1\/wp-json\/wp\/v2\/categories?post=179724"},{"taxonomy":"post_tag","embeddable":true,"href":"https:\/\/www.caririemacao.com\/1\/wp-json\/wp\/v2\/tags?post=179724"}],"curies":[{"name":"wp","href":"https:\/\/api.w.org\/{rel}","templated":true}]}}