{"id":179728,"date":"2020-07-20T16:32:55","date_gmt":"2020-07-20T19:32:55","guid":{"rendered":"https:\/\/www.caririemacao.com\/1\/?p=179728"},"modified":"2020-07-20T16:32:55","modified_gmt":"2020-07-20T19:32:55","slug":"helicoptero-que-transportava-drogas-cai-em-regiao-de-mata-de-ibiuna-interior-de-sp-nao-ha-registro-de-vitimas","status":"publish","type":"post","link":"https:\/\/www.caririemacao.com\/1\/2020\/07\/20\/helicoptero-que-transportava-drogas-cai-em-regiao-de-mata-de-ibiuna-interior-de-sp-nao-ha-registro-de-vitimas\/","title":{"rendered":"Helic\u00f3ptero que transportava drogas cai em regi\u00e3o de mata de Ibi\u00fana, interior de SP; n\u00e3o h\u00e1 registro de v\u00edtimas"},"content":{"rendered":"\n<p>A Pol\u00edcia Militar de S\u00e3o Paulo confirmou na tarde desta segunda-feira (20) que um helic\u00f3ptero caiu na altura do km 11 da Estrada do Verava, em Ibi\u00fana, interior de S\u00e3o Paulo.<\/p>\n\n\n\n<p>Dentro do helic\u00f3ptero a pol\u00edcia encontrou diversos pacotes de drogas, que estavam sendo transportados no ve\u00edculo, mas at\u00e9 o momento n\u00e3o h\u00e1 registro de v\u00edtimas nem de feridos.<\/p>\n\n\n\n<p>Segundo a PM, ao chegar ao local da queda, os policiais encontraram apenas os destro\u00e7os da aeronave e a droga. Nesse momento, os policiais fazem varredura dentro da mata para tentar encontrar os ocupantes do ve\u00edculo, com ajuda do helic\u00f3ptero \u00c1guia da PM.<\/p>\n\n\n\n<p>A suspeita \u00e9 de que pelo menos tr\u00eas homens estavam dentro do helic\u00f3ptero no momento da queda. Segundo a sala de imprensa da PM, os suspeitos fugiram ap\u00f3s o acidente.<\/p>\n\n\n\n<figure class=\"wp-block-image\"><img decoding=\"async\" data-src=\"https:\/\/s2.glbimg.com\/YlELCze2yxxHt5RQJ9PuOjoEn8M=\/0x0:960x720\/984x0\/smart\/filters:strip_icc()\/i.s3.glbimg.com\/v1\/AUTH_59edd422c0c84a879bd37670ae4f538a\/internal_photos\/bs\/2020\/H\/k\/PFgUyfToaDBdnB1bVWng\/helicotero-ibiuna.jpeg\" alt=\"Drogas encontradas dentro do helic\u00f3ptero que caiu em Ibi\u00fana, interior de S\u00e3o Paulo.  \u2014 Foto: Reprodu\u00e7\u00e3o\/Redes Sociais\" src=\"data:image\/svg+xml;base64,PHN2ZyB3aWR0aD0iMSIgaGVpZ2h0PSIxIiB4bWxucz0iaHR0cDovL3d3dy53My5vcmcvMjAwMC9zdmciPjwvc3ZnPg==\" class=\"lazyload\" \/><\/figure>\n\n\n\n<p>Drogas encontradas dentro do helic\u00f3ptero que caiu em Ibi\u00fana, interior de S\u00e3o Paulo. \u2014 Foto: Reprodu\u00e7\u00e3o\/Redes Sociais<\/p>\n\n\n\n<p>COM G1<\/p>\n","protected":false},"excerpt":{"rendered":"<p>A Pol\u00edcia Militar de S\u00e3o Paulo confirmou na tarde desta segunda-feira (20) que um helic\u00f3ptero caiu na altura do km 11 da Estrada do Verava,&hellip; <\/p>\n","protected":false},"author":1,"featured_media":179729,"comment_status":"closed","ping_status":"closed","sticky":false,"template":"","format":"standard","meta":{"sfsi_plus_gutenberg_text_before_share":"","sfsi_plus_gutenberg_show_text_before_share":"","sfsi_plus_gutenberg_icon_type":"","sfsi_plus_gutenberg_icon_alignemt":"","sfsi_plus_gutenburg_max_per_row":"","footnotes":""},"categories":[50],"tags":[],"class_list":["post-179728","post","type-post","status-publish","format-standard","has-post-thumbnail","hentry","category-destaque"],"_links":{"self":[{"href":"https:\/\/www.caririemacao.com\/1\/wp-json\/wp\/v2\/posts\/179728","targetHints":{"allow":["GET"]}}],"collection":[{"href":"https:\/\/www.caririemacao.com\/1\/wp-json\/wp\/v2\/posts"}],"about":[{"href":"https:\/\/www.caririemacao.com\/1\/wp-json\/wp\/v2\/types\/post"}],"author":[{"embeddable":true,"href":"https:\/\/www.caririemacao.com\/1\/wp-json\/wp\/v2\/users\/1"}],"replies":[{"embeddable":true,"href":"https:\/\/www.caririemacao.com\/1\/wp-json\/wp\/v2\/comments?post=179728"}],"version-history":[{"count":1,"href":"https:\/\/www.caririemacao.com\/1\/wp-json\/wp\/v2\/posts\/179728\/revisions"}],"predecessor-version":[{"id":179730,"href":"https:\/\/www.caririemacao.com\/1\/wp-json\/wp\/v2\/posts\/179728\/revisions\/179730"}],"wp:featuredmedia":[{"embeddable":true,"href":"https:\/\/www.caririemacao.com\/1\/wp-json\/wp\/v2\/media\/179729"}],"wp:attachment":[{"href":"https:\/\/www.caririemacao.com\/1\/wp-json\/wp\/v2\/media?parent=179728"}],"wp:term":[{"taxonomy":"category","embeddable":true,"href":"https:\/\/www.caririemacao.com\/1\/wp-json\/wp\/v2\/categories?post=179728"},{"taxonomy":"post_tag","embeddable":true,"href":"https:\/\/www.caririemacao.com\/1\/wp-json\/wp\/v2\/tags?post=179728"}],"curies":[{"name":"wp","href":"https:\/\/api.w.org\/{rel}","templated":true}]}}